{"id":751,"date":"2024-09-30T22:53:43","date_gmt":"2024-10-01T04:53:43","guid":{"rendered":"https:\/\/arga.com.mx\/blog\/2024\/09\/30\/arquitecto-en-san-cristobal-diseno-cultural-digital\/"},"modified":"2024-09-30T22:53:43","modified_gmt":"2024-10-01T04:53:43","slug":"arquitecto-en-san-cristobal-diseno-cultural-digital","status":"publish","type":"post","link":"https:\/\/arga.com.mx\/blog\/2024\/09\/30\/arquitecto-en-san-cristobal-diseno-cultural-digital\/","title":{"rendered":"Arquitecto en San Crist\u00f3bal: Dise\u00f1o Cultural Digital"},"content":{"rendered":"<h2>Introducci\u00f3n<\/h2>\n<p>El dise\u00f1o arquitect\u00f3nico en San Crist\u00f3bal de las Casas ha evolucionado significativamente, incorporando elementos culturales y un enfoque digital que transforma la forma en que concebimos los espacios. Este art\u00edculo explora c\u00f3mo los arquitectos, como Arq. Arturo Garc\u00eda Castellanos, est\u00e1n a la vanguardia del dise\u00f1o cultural en esta hermosa ciudad chiapaneca.<\/p>\n<h2>La Importancia de la Cultura en el Dise\u00f1o<\/h2>\n<p>La cultura juega un papel fundamental en el dise\u00f1o arquitect\u00f3nico y, en San Crist\u00f3bal de las Casas, cada estructura cuenta una historia. Los <b>arquitectos<\/b> deben tener en cuenta las tradiciones y costumbres de la regi\u00f3n, integrando elementos locales en sus proyectos. Esto no solo preserva la identidad cultural, sino que tambi\u00e9n enriquece la experiencia del usuario.<\/p>\n<h3>Integraci\u00f3n Digital en la Arquitectura<\/h3>\n<p>Hoy en d\u00eda, el uso de herramientas digitales permite a los arquitectos crear dise\u00f1os m\u00e1s eficientes y atractivos. Software avanzados y <strong>tecnolog\u00edas de modelado 3D<\/strong> ayudan a visualizar proyectos antes de su construcci\u00f3n, facilitando la comunicaci\u00f3n con los clientes y la comunidad.<\/p>\n<h2>Proyectos Destacados de Arq. Arturo Garc\u00eda Castellanos<\/h2>\n<p>Entre los proyectos m\u00e1s destacados de Arq. Garc\u00eda Castellanos se encuentran edificaciones que no solo son est\u00e9ticamente agradables, sino que tambi\u00e9n respetan el medio ambiente y promueven la sostenibilidad. Por ejemplo, la reciente renovaci\u00f3n del <b>Centro Cultural<\/b> de San Crist\u00f3bal ha sido un modelo de integraci\u00f3n arquitect\u00f3nica y cultural.<\/p>\n<h3>Colaboraci\u00f3n con la Comunidad<\/h3>\n<p>Un aspecto clave del trabajo de Arq. Garc\u00eda Castellanos es la colaboraci\u00f3n con las comunidades locales. <strong>Involucrar a los habitantes<\/strong> en el proceso de dise\u00f1o no solo garantiza que los proyectos reflejen verdaderamente sus necesidades, sino que tambi\u00e9n fomenta un sentido de pertenencia y orgullo.<\/p>\n<h2>Conclusiones<\/h2>\n<p>En conclusi\u00f3n, el trabajo de Arq. Arturo Garc\u00eda Castellanos en San Crist\u00f3bal de las Casas es un perfecto ejemplo de c\u00f3mo el <strong>dise\u00f1o cultural<\/strong> puede ser enriquecido a trav\u00e9s del enfoque digital. La arquitectura no es solo la creaci\u00f3n de espacios f\u00edsicos; es la creaci\u00f3n de comunidades vibrantes y llenas de vida.<\/p>\n<p>Para m\u00e1s informaci\u00f3n, puede contactar al <strong>Arq. Arturo Garc\u00eda Castellanos<\/strong> al correo <a href='mailto:contacto@arga.com.mx'>contacto@arga.com.mx<\/a> o al tel\u00e9fono 55 2887 8750.<\/p>\n","protected":false},"excerpt":{"rendered":"<p>Introducci\u00f3n El dise\u00f1o arquitect\u00f3nico en San Crist\u00f3bal de las Casas ha evolucionado significativamente, incorporando elementos culturales y un enfoque digital que transforma la forma en que concebimos los espacios. Este art\u00edculo explora c\u00f3mo los arquitectos, como Arq. Arturo Garc\u00eda Castellanos, est\u00e1n a la vanguardia del dise\u00f1o cultural en esta hermosa ciudad chiapaneca. La Importancia de&#8230;<\/p>\n","protected":false},"author":1,"featured_media":750,"comment_status":"open","ping_status":"open","sticky":false,"template":"","format":"standard","meta":{"nf_dc_page":"","om_disable_all_campaigns":false,"_jetpack_memberships_contains_paid_content":false,"footnotes":""},"categories":[1],"tags":[],"class_list":["post-751","post","type-post","status-publish","format-standard","has-post-thumbnail","hentry","category-arquitecto"],"yoast_head":"<!-- This site is optimized with the Yoast SEO plugin v27.4 - https:\/\/yoast.com\/product\/yoast-seo-wordpress\/ -->\n<title>Arquitecto en San Crist\u00f3bal: Dise\u00f1o Cultural Digital - Arquitectura Gaceta<\/title>\n<meta name=\"description\" content=\"Arquitecto en San Crist\u00f3bal: Dise\u00f1o Cultural Digital Arquitectura Gaceta\" \/>\n<meta name=\"robots\" content=\"index, follow, max-snippet:-1, max-image-preview:large, max-video-preview:-1\" \/>\n<link rel=\"canonical\" href=\"https:\/\/arga.com.mx\/blog\/2024\/09\/30\/arquitecto-en-san-cristobal-diseno-cultural-digital\/\" \/>\n<meta property=\"og:locale\" content=\"es_MX\" \/>\n<meta property=\"og:type\" content=\"article\" \/>\n<meta property=\"og:title\" content=\"Arquitecto en San Crist\u00f3bal: Dise\u00f1o Cultural Digital - Arquitectura Gaceta\" \/>\n<meta property=\"og:description\" content=\"Arquitecto en San Crist\u00f3bal: Dise\u00f1o Cultural Digital Arquitectura Gaceta\" \/>\n<meta property=\"og:url\" content=\"https:\/\/arga.com.mx\/blog\/2024\/09\/30\/arquitecto-en-san-cristobal-diseno-cultural-digital\/\" \/>\n<meta property=\"og:site_name\" content=\"Arquitectura Gaceta\" \/>\n<meta property=\"article:publisher\" content=\"https:\/\/www.facebook.com\/ARGAArchitecture\" \/>\n<meta property=\"article:published_time\" content=\"2024-10-01T04:53:43+00:00\" \/>\n<meta name=\"author\" content=\"admin\" \/>\n<meta name=\"twitter:card\" content=\"summary_large_image\" \/>\n<meta name=\"twitter:label1\" content=\"Escrito por\" \/>\n\t<meta name=\"twitter:data1\" content=\"admin\" \/>\n\t<meta name=\"twitter:label2\" content=\"Tiempo de lectura\" \/>\n\t<meta name=\"twitter:data2\" content=\"2 minutos\" \/>\n<script type=\"application\/ld+json\" class=\"yoast-schema-graph\">{\"@context\":\"https:\\\/\\\/schema.org\",\"@graph\":[{\"@type\":\"Article\",\"@id\":\"https:\\\/\\\/arga.com.mx\\\/blog\\\/2024\\\/09\\\/30\\\/arquitecto-en-san-cristobal-diseno-cultural-digital\\\/#article\",\"isPartOf\":{\"@id\":\"https:\\\/\\\/arga.com.mx\\\/blog\\\/2024\\\/09\\\/30\\\/arquitecto-en-san-cristobal-diseno-cultural-digital\\\/\"},\"author\":{\"name\":\"admin\",\"@id\":\"https:\\\/\\\/arga.com.mx\\\/blog\\\/#\\\/schema\\\/person\\\/f175f8d81f44be7ec3020f1a3a9b7e23\"},\"headline\":\"Arquitecto en San Crist\u00f3bal: Dise\u00f1o Cultural Digital\",\"datePublished\":\"2024-10-01T04:53:43+00:00\",\"mainEntityOfPage\":{\"@id\":\"https:\\\/\\\/arga.com.mx\\\/blog\\\/2024\\\/09\\\/30\\\/arquitecto-en-san-cristobal-diseno-cultural-digital\\\/\"},\"wordCount\":398,\"commentCount\":0,\"publisher\":{\"@id\":\"https:\\\/\\\/arga.com.mx\\\/blog\\\/#organization\"},\"image\":{\"@id\":\"https:\\\/\\\/arga.com.mx\\\/blog\\\/2024\\\/09\\\/30\\\/arquitecto-en-san-cristobal-diseno-cultural-digital\\\/#primaryimage\"},\"thumbnailUrl\":\"https:\\\/\\\/i0.wp.com\\\/arga.com.mx\\\/blog\\\/wp-content\\\/uploads\\\/2024\\\/09\\\/imagen-356.png?fit=1024%2C1024&ssl=1\",\"articleSection\":[\"Arquitecto\"],\"inLanguage\":\"es\",\"potentialAction\":[{\"@type\":\"CommentAction\",\"name\":\"Comment\",\"target\":[\"https:\\\/\\\/arga.com.mx\\\/blog\\\/2024\\\/09\\\/30\\\/arquitecto-en-san-cristobal-diseno-cultural-digital\\\/#respond\"]}]},{\"@type\":\"WebPage\",\"@id\":\"https:\\\/\\\/arga.com.mx\\\/blog\\\/2024\\\/09\\\/30\\\/arquitecto-en-san-cristobal-diseno-cultural-digital\\\/\",\"url\":\"https:\\\/\\\/arga.com.mx\\\/blog\\\/2024\\\/09\\\/30\\\/arquitecto-en-san-cristobal-diseno-cultural-digital\\\/\",\"name\":\"Arquitecto en San Crist\u00f3bal: Dise\u00f1o Cultural Digital - Arquitectura Gaceta\",\"isPartOf\":{\"@id\":\"https:\\\/\\\/arga.com.mx\\\/blog\\\/#website\"},\"primaryImageOfPage\":{\"@id\":\"https:\\\/\\\/arga.com.mx\\\/blog\\\/2024\\\/09\\\/30\\\/arquitecto-en-san-cristobal-diseno-cultural-digital\\\/#primaryimage\"},\"image\":{\"@id\":\"https:\\\/\\\/arga.com.mx\\\/blog\\\/2024\\\/09\\\/30\\\/arquitecto-en-san-cristobal-diseno-cultural-digital\\\/#primaryimage\"},\"thumbnailUrl\":\"https:\\\/\\\/i0.wp.com\\\/arga.com.mx\\\/blog\\\/wp-content\\\/uploads\\\/2024\\\/09\\\/imagen-356.png?fit=1024%2C1024&ssl=1\",\"datePublished\":\"2024-10-01T04:53:43+00:00\",\"description\":\"Arquitecto en San Crist\u00f3bal: Dise\u00f1o Cultural Digital Arquitectura Gaceta\",\"breadcrumb\":{\"@id\":\"https:\\\/\\\/arga.com.mx\\\/blog\\\/2024\\\/09\\\/30\\\/arquitecto-en-san-cristobal-diseno-cultural-digital\\\/#breadcrumb\"},\"inLanguage\":\"es\",\"potentialAction\":[{\"@type\":\"ReadAction\",\"target\":[\"https:\\\/\\\/arga.com.mx\\\/blog\\\/2024\\\/09\\\/30\\\/arquitecto-en-san-cristobal-diseno-cultural-digital\\\/\"]}]},{\"@type\":\"ImageObject\",\"inLanguage\":\"es\",\"@id\":\"https:\\\/\\\/arga.com.mx\\\/blog\\\/2024\\\/09\\\/30\\\/arquitecto-en-san-cristobal-diseno-cultural-digital\\\/#primaryimage\",\"url\":\"https:\\\/\\\/i0.wp.com\\\/arga.com.mx\\\/blog\\\/wp-content\\\/uploads\\\/2024\\\/09\\\/imagen-356.png?fit=1024%2C1024&ssl=1\",\"contentUrl\":\"https:\\\/\\\/i0.wp.com\\\/arga.com.mx\\\/blog\\\/wp-content\\\/uploads\\\/2024\\\/09\\\/imagen-356.png?fit=1024%2C1024&ssl=1\",\"width\":1024,\"height\":1024},{\"@type\":\"BreadcrumbList\",\"@id\":\"https:\\\/\\\/arga.com.mx\\\/blog\\\/2024\\\/09\\\/30\\\/arquitecto-en-san-cristobal-diseno-cultural-digital\\\/#breadcrumb\",\"itemListElement\":[{\"@type\":\"ListItem\",\"position\":1,\"name\":\"Home\",\"item\":\"https:\\\/\\\/arga.com.mx\\\/blog\\\/\"},{\"@type\":\"ListItem\",\"position\":2,\"name\":\"Arquitecto en San Crist\u00f3bal: Dise\u00f1o Cultural Digital\"}]},{\"@type\":\"WebSite\",\"@id\":\"https:\\\/\\\/arga.com.mx\\\/blog\\\/#website\",\"url\":\"https:\\\/\\\/arga.com.mx\\\/blog\\\/\",\"name\":\"Arquitecto en M\u00e9xico cdmx\",\"description\":\"El blog del Arquitecto en M\u00e9xico por Arturo Garcia\",\"publisher\":{\"@id\":\"https:\\\/\\\/arga.com.mx\\\/blog\\\/#organization\"},\"potentialAction\":[{\"@type\":\"SearchAction\",\"target\":{\"@type\":\"EntryPoint\",\"urlTemplate\":\"https:\\\/\\\/arga.com.mx\\\/blog\\\/?s={search_term_string}\"},\"query-input\":{\"@type\":\"PropertyValueSpecification\",\"valueRequired\":true,\"valueName\":\"search_term_string\"}}],\"inLanguage\":\"es\"},{\"@type\":\"Organization\",\"@id\":\"https:\\\/\\\/arga.com.mx\\\/blog\\\/#organization\",\"name\":\"Arquitecto en M\u00e9xico cdmx\",\"url\":\"https:\\\/\\\/arga.com.mx\\\/blog\\\/\",\"logo\":{\"@type\":\"ImageObject\",\"inLanguage\":\"es\",\"@id\":\"https:\\\/\\\/arga.com.mx\\\/blog\\\/#\\\/schema\\\/logo\\\/image\\\/\",\"url\":\"https:\\\/\\\/i0.wp.com\\\/arga.com.mx\\\/blog\\\/wp-content\\\/uploads\\\/2024\\\/09\\\/banner-blog-1-1.png?fit=1123%2C342&ssl=1\",\"contentUrl\":\"https:\\\/\\\/i0.wp.com\\\/arga.com.mx\\\/blog\\\/wp-content\\\/uploads\\\/2024\\\/09\\\/banner-blog-1-1.png?fit=1123%2C342&ssl=1\",\"width\":1123,\"height\":342,\"caption\":\"Arquitecto en M\u00e9xico cdmx\"},\"image\":{\"@id\":\"https:\\\/\\\/arga.com.mx\\\/blog\\\/#\\\/schema\\\/logo\\\/image\\\/\"},\"sameAs\":[\"https:\\\/\\\/www.facebook.com\\\/ARGAArchitecture\"]},{\"@type\":\"Person\",\"@id\":\"https:\\\/\\\/arga.com.mx\\\/blog\\\/#\\\/schema\\\/person\\\/f175f8d81f44be7ec3020f1a3a9b7e23\",\"name\":\"admin\",\"image\":{\"@type\":\"ImageObject\",\"inLanguage\":\"es\",\"@id\":\"https:\\\/\\\/secure.gravatar.com\\\/avatar\\\/b3e3e019b326b4209d932274e7c6a1ad517fe99e9562c2fdf8de71f456a3ab84?s=96&d=mm&r=g\",\"url\":\"https:\\\/\\\/secure.gravatar.com\\\/avatar\\\/b3e3e019b326b4209d932274e7c6a1ad517fe99e9562c2fdf8de71f456a3ab84?s=96&d=mm&r=g\",\"contentUrl\":\"https:\\\/\\\/secure.gravatar.com\\\/avatar\\\/b3e3e019b326b4209d932274e7c6a1ad517fe99e9562c2fdf8de71f456a3ab84?s=96&d=mm&r=g\",\"caption\":\"admin\"},\"sameAs\":[\"https:\\\/\\\/arga.com.mx\\\/blog\"],\"url\":\"https:\\\/\\\/arga.com.mx\\\/blog\\\/author\\\/admin\\\/\"}]}<\/script>\n<!-- \/ Yoast SEO plugin. -->","yoast_head_json":{"title":"Arquitecto en San Crist\u00f3bal: Dise\u00f1o Cultural Digital - Arquitectura Gaceta","description":"Arquitecto en San Crist\u00f3bal: Dise\u00f1o Cultural Digital Arquitectura Gaceta","robots":{"index":"index","follow":"follow","max-snippet":"max-snippet:-1","max-image-preview":"max-image-preview:large","max-video-preview":"max-video-preview:-1"},"canonical":"https:\/\/arga.com.mx\/blog\/2024\/09\/30\/arquitecto-en-san-cristobal-diseno-cultural-digital\/","og_locale":"es_MX","og_type":"article","og_title":"Arquitecto en San Crist\u00f3bal: Dise\u00f1o Cultural Digital - Arquitectura Gaceta","og_description":"Arquitecto en San Crist\u00f3bal: Dise\u00f1o Cultural Digital Arquitectura Gaceta","og_url":"https:\/\/arga.com.mx\/blog\/2024\/09\/30\/arquitecto-en-san-cristobal-diseno-cultural-digital\/","og_site_name":"Arquitectura Gaceta","article_publisher":"https:\/\/www.facebook.com\/ARGAArchitecture","article_published_time":"2024-10-01T04:53:43+00:00","author":"admin","twitter_card":"summary_large_image","twitter_misc":{"Escrito por":"admin","Tiempo de lectura":"2 minutos"},"schema":{"@context":"https:\/\/schema.org","@graph":[{"@type":"Article","@id":"https:\/\/arga.com.mx\/blog\/2024\/09\/30\/arquitecto-en-san-cristobal-diseno-cultural-digital\/#article","isPartOf":{"@id":"https:\/\/arga.com.mx\/blog\/2024\/09\/30\/arquitecto-en-san-cristobal-diseno-cultural-digital\/"},"author":{"name":"admin","@id":"https:\/\/arga.com.mx\/blog\/#\/schema\/person\/f175f8d81f44be7ec3020f1a3a9b7e23"},"headline":"Arquitecto en San Crist\u00f3bal: Dise\u00f1o Cultural Digital","datePublished":"2024-10-01T04:53:43+00:00","mainEntityOfPage":{"@id":"https:\/\/arga.com.mx\/blog\/2024\/09\/30\/arquitecto-en-san-cristobal-diseno-cultural-digital\/"},"wordCount":398,"commentCount":0,"publisher":{"@id":"https:\/\/arga.com.mx\/blog\/#organization"},"image":{"@id":"https:\/\/arga.com.mx\/blog\/2024\/09\/30\/arquitecto-en-san-cristobal-diseno-cultural-digital\/#primaryimage"},"thumbnailUrl":"https:\/\/i0.wp.com\/arga.com.mx\/blog\/wp-content\/uploads\/2024\/09\/imagen-356.png?fit=1024%2C1024&ssl=1","articleSection":["Arquitecto"],"inLanguage":"es","potentialAction":[{"@type":"CommentAction","name":"Comment","target":["https:\/\/arga.com.mx\/blog\/2024\/09\/30\/arquitecto-en-san-cristobal-diseno-cultural-digital\/#respond"]}]},{"@type":"WebPage","@id":"https:\/\/arga.com.mx\/blog\/2024\/09\/30\/arquitecto-en-san-cristobal-diseno-cultural-digital\/","url":"https:\/\/arga.com.mx\/blog\/2024\/09\/30\/arquitecto-en-san-cristobal-diseno-cultural-digital\/","name":"Arquitecto en San Crist\u00f3bal: Dise\u00f1o Cultural Digital - Arquitectura Gaceta","isPartOf":{"@id":"https:\/\/arga.com.mx\/blog\/#website"},"primaryImageOfPage":{"@id":"https:\/\/arga.com.mx\/blog\/2024\/09\/30\/arquitecto-en-san-cristobal-diseno-cultural-digital\/#primaryimage"},"image":{"@id":"https:\/\/arga.com.mx\/blog\/2024\/09\/30\/arquitecto-en-san-cristobal-diseno-cultural-digital\/#primaryimage"},"thumbnailUrl":"https:\/\/i0.wp.com\/arga.com.mx\/blog\/wp-content\/uploads\/2024\/09\/imagen-356.png?fit=1024%2C1024&ssl=1","datePublished":"2024-10-01T04:53:43+00:00","description":"Arquitecto en San Crist\u00f3bal: Dise\u00f1o Cultural Digital Arquitectura Gaceta","breadcrumb":{"@id":"https:\/\/arga.com.mx\/blog\/2024\/09\/30\/arquitecto-en-san-cristobal-diseno-cultural-digital\/#breadcrumb"},"inLanguage":"es","potentialAction":[{"@type":"ReadAction","target":["https:\/\/arga.com.mx\/blog\/2024\/09\/30\/arquitecto-en-san-cristobal-diseno-cultural-digital\/"]}]},{"@type":"ImageObject","inLanguage":"es","@id":"https:\/\/arga.com.mx\/blog\/2024\/09\/30\/arquitecto-en-san-cristobal-diseno-cultural-digital\/#primaryimage","url":"https:\/\/i0.wp.com\/arga.com.mx\/blog\/wp-content\/uploads\/2024\/09\/imagen-356.png?fit=1024%2C1024&ssl=1","contentUrl":"https:\/\/i0.wp.com\/arga.com.mx\/blog\/wp-content\/uploads\/2024\/09\/imagen-356.png?fit=1024%2C1024&ssl=1","width":1024,"height":1024},{"@type":"BreadcrumbList","@id":"https:\/\/arga.com.mx\/blog\/2024\/09\/30\/arquitecto-en-san-cristobal-diseno-cultural-digital\/#breadcrumb","itemListElement":[{"@type":"ListItem","position":1,"name":"Home","item":"https:\/\/arga.com.mx\/blog\/"},{"@type":"ListItem","position":2,"name":"Arquitecto en San Crist\u00f3bal: Dise\u00f1o Cultural Digital"}]},{"@type":"WebSite","@id":"https:\/\/arga.com.mx\/blog\/#website","url":"https:\/\/arga.com.mx\/blog\/","name":"Arquitecto en M\u00e9xico cdmx","description":"El blog del Arquitecto en M\u00e9xico por Arturo Garcia","publisher":{"@id":"https:\/\/arga.com.mx\/blog\/#organization"},"potentialAction":[{"@type":"SearchAction","target":{"@type":"EntryPoint","urlTemplate":"https:\/\/arga.com.mx\/blog\/?s={search_term_string}"},"query-input":{"@type":"PropertyValueSpecification","valueRequired":true,"valueName":"search_term_string"}}],"inLanguage":"es"},{"@type":"Organization","@id":"https:\/\/arga.com.mx\/blog\/#organization","name":"Arquitecto en M\u00e9xico cdmx","url":"https:\/\/arga.com.mx\/blog\/","logo":{"@type":"ImageObject","inLanguage":"es","@id":"https:\/\/arga.com.mx\/blog\/#\/schema\/logo\/image\/","url":"https:\/\/i0.wp.com\/arga.com.mx\/blog\/wp-content\/uploads\/2024\/09\/banner-blog-1-1.png?fit=1123%2C342&ssl=1","contentUrl":"https:\/\/i0.wp.com\/arga.com.mx\/blog\/wp-content\/uploads\/2024\/09\/banner-blog-1-1.png?fit=1123%2C342&ssl=1","width":1123,"height":342,"caption":"Arquitecto en M\u00e9xico cdmx"},"image":{"@id":"https:\/\/arga.com.mx\/blog\/#\/schema\/logo\/image\/"},"sameAs":["https:\/\/www.facebook.com\/ARGAArchitecture"]},{"@type":"Person","@id":"https:\/\/arga.com.mx\/blog\/#\/schema\/person\/f175f8d81f44be7ec3020f1a3a9b7e23","name":"admin","image":{"@type":"ImageObject","inLanguage":"es","@id":"https:\/\/secure.gravatar.com\/avatar\/b3e3e019b326b4209d932274e7c6a1ad517fe99e9562c2fdf8de71f456a3ab84?s=96&d=mm&r=g","url":"https:\/\/secure.gravatar.com\/avatar\/b3e3e019b326b4209d932274e7c6a1ad517fe99e9562c2fdf8de71f456a3ab84?s=96&d=mm&r=g","contentUrl":"https:\/\/secure.gravatar.com\/avatar\/b3e3e019b326b4209d932274e7c6a1ad517fe99e9562c2fdf8de71f456a3ab84?s=96&d=mm&r=g","caption":"admin"},"sameAs":["https:\/\/arga.com.mx\/blog"],"url":"https:\/\/arga.com.mx\/blog\/author\/admin\/"}]}},"jetpack_featured_media_url":"https:\/\/i0.wp.com\/arga.com.mx\/blog\/wp-content\/uploads\/2024\/09\/imagen-356.png?fit=1024%2C1024&ssl=1","jetpack_sharing_enabled":true,"_links":{"self":[{"href":"https:\/\/arga.com.mx\/blog\/wp-json\/wp\/v2\/posts\/751","targetHints":{"allow":["GET"]}}],"collection":[{"href":"https:\/\/arga.com.mx\/blog\/wp-json\/wp\/v2\/posts"}],"about":[{"href":"https:\/\/arga.com.mx\/blog\/wp-json\/wp\/v2\/types\/post"}],"author":[{"embeddable":true,"href":"https:\/\/arga.com.mx\/blog\/wp-json\/wp\/v2\/users\/1"}],"replies":[{"embeddable":true,"href":"https:\/\/arga.com.mx\/blog\/wp-json\/wp\/v2\/comments?post=751"}],"version-history":[{"count":0,"href":"https:\/\/arga.com.mx\/blog\/wp-json\/wp\/v2\/posts\/751\/revisions"}],"wp:featuredmedia":[{"embeddable":true,"href":"https:\/\/arga.com.mx\/blog\/wp-json\/wp\/v2\/media\/750"}],"wp:attachment":[{"href":"https:\/\/arga.com.mx\/blog\/wp-json\/wp\/v2\/media?parent=751"}],"wp:term":[{"taxonomy":"category","embeddable":true,"href":"https:\/\/arga.com.mx\/blog\/wp-json\/wp\/v2\/categories?post=751"},{"taxonomy":"post_tag","embeddable":true,"href":"https:\/\/arga.com.mx\/blog\/wp-json\/wp\/v2\/tags?post=751"}],"curies":[{"name":"wp","href":"https:\/\/api.w.org\/{rel}","templated":true}]}}