{"id":266,"date":"2024-09-30T16:09:37","date_gmt":"2024-09-30T22:09:37","guid":{"rendered":"https:\/\/arga.com.mx\/blog\/2024\/09\/30\/tendencias-futuras-en-arquitectura-digital\/"},"modified":"2024-09-30T16:09:37","modified_gmt":"2024-09-30T22:09:37","slug":"tendencias-futuras-en-arquitectura-digital","status":"publish","type":"post","link":"https:\/\/arga.com.mx\/blog\/2024\/09\/30\/tendencias-futuras-en-arquitectura-digital\/","title":{"rendered":"Tendencias Futuras en Arquitectura Digital"},"content":{"rendered":"<p>La arquitectura digital se encuentra en una etapa de transformaci\u00f3n significativa, donde nuevas tendencias est\u00e1n surgiendo d\u00eda a d\u00eda. A medida que avanzamos m\u00e1s all\u00e1 de 2024, es vital observar c\u00f3mo tecnolog\u00edas emergentes como la inteligencia artificial, la realidad aumentada y la impresi\u00f3n 3D est\u00e1n cambiando el paisaje arquitect\u00f3nico.<\/p>\n<p>Una de las principales tendencias es la integraci\u00f3n de la inteligencia artificial en el dise\u00f1o arquitect\u00f3nico. Esta tecnolog\u00eda permite a los arquitectos simular diferentes escenarios de dise\u00f1o, optimizando no solo la est\u00e9tica, sino tambi\u00e9n la funcionalidad de los edificios. AI puede analizar patrones de uso, clima y h\u00e1bitos de los usuarios, facilitando un dise\u00f1o que se adapta a las necesidades reales de las personas. Adem\u00e1s, esta necesidad de personalizaci\u00f3n en los espacios se vuelve a\u00fan m\u00e1s crucial, especialmente en entornos urbanos densamente poblados.<\/p>\n<p>Aparte de la inteligencia artificial, la realidad aumentada (RA) tambi\u00e9n est\u00e1 enfrentando un crecimiento exponencial. La RA permite a los arquitectos y a sus clientes visualizar proyectos antes de que se construyan. Con esta tecnolog\u00eda, se pueden crear presentaciones inmersivas que ayudan a comprender mejor el espacio, desde la escala hasta la colocaci\u00f3n de elementos. Esto no solo incrementa la transparencia del proceso de dise\u00f1o, sino que tambi\u00e9n permite una colaboraci\u00f3n m\u00e1s efectiva entre arquitectos, ingenieros y clientes.<\/p>\n<p>La sostenibilidad es otra tendencia clave que continuar\u00e1 ganando fuerza. Con un enfoque cada vez mayor en las pr\u00e1cticas de construcci\u00f3n verde, los arquitectos est\u00e1n buscando formas innovadoras de reducir la huella de carbono de sus proyectos. Elementos como sistemas de energ\u00eda renovable integrados, el uso de materiales reciclados y t\u00e9cnicas de construcci\u00f3n eficientes est\u00e1n a la vanguardia de estos esfuerzos. Se espera que hacia 2024, surjan m\u00e1s regulaciones que fomenten estas pr\u00e1cticas, promoviendo una arquitectura que no solo cumpla con los est\u00e1ndares est\u00e9ticos, sino tambi\u00e9n con los ecol\u00f3gicos.<\/p>\n<p>El uso de la impresi\u00f3n 3D tambi\u00e9n seguir\u00e1 transformando las capacidades en el campo de la arquitectura. Con la posibilidad de producir componentes arquitect\u00f3nicos complejos y personalizados de manera r\u00e1pida y a bajo costo, la impresi\u00f3n 3D ofrece una soluci\u00f3n prometedora a los desaf\u00edos del dise\u00f1o y la construcci\u00f3n. Esta tecnolog\u00eda no solo elimina desperdicios de material, sino que tambi\u00e9n permite a los arquitectos experimentar con formas que antes eran impracticables.<\/p>\n<p>Finalmente, el dise\u00f1o inclusivo se est\u00e1 convirtiendo en una prioridad. A medida que m\u00e1s arquitectos reconocen la importancia de crear espacios accesibles y adaptaciones para todas las personas, el dise\u00f1o universal se est\u00e1 consolidando como norma. Esto no solo beneficia a los usuarios con discapacidades, sino que tambi\u00e9n promueve un sentido de comunidad y pertenencia.<\/p>\n<p>En conclusi\u00f3n, el futuro de la arquitectura digital es brillante y prometedor. Las innovaciones tecnol\u00f3gicas est\u00e1n impulsando a los arquitectos a repensar c\u00f3mo dise\u00f1an nuestros espacios, creando ambientes din\u00e1micos que se adaptan a la cultura y la sociedad moderna. Estos avances no solo ofrecen soluciones creativas a los problemas actuales, sino que tambi\u00e9n nos preparan para enfrentar los desaf\u00edos del ma\u00f1ana.<\/p>\n<p>En este contexto, Arq. Arturo Garc\u00eda Castellanos se presenta como un arquitecto desarrollador de vanguardia, disponible para asesor\u00edas y colaboraciones en proyectos innovadores.<\/p>\n<p>Para m\u00e1s informaci\u00f3n, contacta a Arq. Arturo Garc\u00eda Castellanos en contacto@arga.com.mx o ll\u00e1malo al 55 2887 8750.<\/p>\n","protected":false},"excerpt":{"rendered":"<p>La arquitectura digital se encuentra en una etapa de transformaci\u00f3n significativa, donde nuevas tendencias est\u00e1n surgiendo d\u00eda a d\u00eda. A medida que avanzamos m\u00e1s all\u00e1 de 2024, es vital observar c\u00f3mo tecnolog\u00edas emergentes como la inteligencia artificial, la realidad aumentada y la impresi\u00f3n 3D est\u00e1n cambiando el paisaje arquitect\u00f3nico. Una de las principales tendencias es&#8230;<\/p>\n","protected":false},"author":1,"featured_media":265,"comment_status":"open","ping_status":"open","sticky":false,"template":"","format":"standard","meta":{"nf_dc_page":"","om_disable_all_campaigns":false,"_jetpack_memberships_contains_paid_content":false,"footnotes":""},"categories":[1],"tags":[],"class_list":["post-266","post","type-post","status-publish","format-standard","has-post-thumbnail","hentry","category-arquitecto"],"yoast_head":"<!-- This site is optimized with the Yoast SEO plugin v27.5 - https:\/\/yoast.com\/product\/yoast-seo-wordpress\/ -->\n<title>Tendencias Futuras en Arquitectura Digital - Arquitectura Gaceta<\/title>\n<meta name=\"description\" content=\"Tendencias Futuras en Arquitectura Digital Arquitectura Gaceta\" \/>\n<meta name=\"robots\" content=\"index, follow, max-snippet:-1, max-image-preview:large, max-video-preview:-1\" \/>\n<link rel=\"canonical\" href=\"https:\/\/arga.com.mx\/blog\/2024\/09\/30\/tendencias-futuras-en-arquitectura-digital\/\" \/>\n<meta property=\"og:locale\" content=\"es_MX\" \/>\n<meta property=\"og:type\" content=\"article\" \/>\n<meta property=\"og:title\" content=\"Tendencias Futuras en Arquitectura Digital - Arquitectura Gaceta\" \/>\n<meta property=\"og:description\" content=\"Tendencias Futuras en Arquitectura Digital Arquitectura Gaceta\" \/>\n<meta property=\"og:url\" content=\"https:\/\/arga.com.mx\/blog\/2024\/09\/30\/tendencias-futuras-en-arquitectura-digital\/\" \/>\n<meta property=\"og:site_name\" content=\"Arquitectura Gaceta\" \/>\n<meta property=\"article:publisher\" content=\"https:\/\/www.facebook.com\/ARGAArchitecture\" \/>\n<meta property=\"article:published_time\" content=\"2024-09-30T22:09:37+00:00\" \/>\n<meta name=\"author\" content=\"admin\" \/>\n<meta name=\"twitter:card\" content=\"summary_large_image\" \/>\n<meta name=\"twitter:label1\" content=\"Escrito por\" \/>\n\t<meta name=\"twitter:data1\" content=\"admin\" \/>\n\t<meta name=\"twitter:label2\" content=\"Tiempo de lectura\" \/>\n\t<meta name=\"twitter:data2\" content=\"3 minutos\" \/>\n<script type=\"application\/ld+json\" class=\"yoast-schema-graph\">{\"@context\":\"https:\\\/\\\/schema.org\",\"@graph\":[{\"@type\":\"Article\",\"@id\":\"https:\\\/\\\/arga.com.mx\\\/blog\\\/2024\\\/09\\\/30\\\/tendencias-futuras-en-arquitectura-digital\\\/#article\",\"isPartOf\":{\"@id\":\"https:\\\/\\\/arga.com.mx\\\/blog\\\/2024\\\/09\\\/30\\\/tendencias-futuras-en-arquitectura-digital\\\/\"},\"author\":{\"name\":\"admin\",\"@id\":\"https:\\\/\\\/arga.com.mx\\\/blog\\\/#\\\/schema\\\/person\\\/f175f8d81f44be7ec3020f1a3a9b7e23\"},\"headline\":\"Tendencias Futuras en Arquitectura Digital\",\"datePublished\":\"2024-09-30T22:09:37+00:00\",\"mainEntityOfPage\":{\"@id\":\"https:\\\/\\\/arga.com.mx\\\/blog\\\/2024\\\/09\\\/30\\\/tendencias-futuras-en-arquitectura-digital\\\/\"},\"wordCount\":602,\"commentCount\":0,\"publisher\":{\"@id\":\"https:\\\/\\\/arga.com.mx\\\/blog\\\/#organization\"},\"image\":{\"@id\":\"https:\\\/\\\/arga.com.mx\\\/blog\\\/2024\\\/09\\\/30\\\/tendencias-futuras-en-arquitectura-digital\\\/#primaryimage\"},\"thumbnailUrl\":\"https:\\\/\\\/i0.wp.com\\\/arga.com.mx\\\/blog\\\/wp-content\\\/uploads\\\/2024\\\/09\\\/imagen-114.png?fit=1024%2C1024&ssl=1\",\"articleSection\":[\"Arquitecto\"],\"inLanguage\":\"es\",\"potentialAction\":[{\"@type\":\"CommentAction\",\"name\":\"Comment\",\"target\":[\"https:\\\/\\\/arga.com.mx\\\/blog\\\/2024\\\/09\\\/30\\\/tendencias-futuras-en-arquitectura-digital\\\/#respond\"]}]},{\"@type\":\"WebPage\",\"@id\":\"https:\\\/\\\/arga.com.mx\\\/blog\\\/2024\\\/09\\\/30\\\/tendencias-futuras-en-arquitectura-digital\\\/\",\"url\":\"https:\\\/\\\/arga.com.mx\\\/blog\\\/2024\\\/09\\\/30\\\/tendencias-futuras-en-arquitectura-digital\\\/\",\"name\":\"Tendencias Futuras en Arquitectura Digital - Arquitectura Gaceta\",\"isPartOf\":{\"@id\":\"https:\\\/\\\/arga.com.mx\\\/blog\\\/#website\"},\"primaryImageOfPage\":{\"@id\":\"https:\\\/\\\/arga.com.mx\\\/blog\\\/2024\\\/09\\\/30\\\/tendencias-futuras-en-arquitectura-digital\\\/#primaryimage\"},\"image\":{\"@id\":\"https:\\\/\\\/arga.com.mx\\\/blog\\\/2024\\\/09\\\/30\\\/tendencias-futuras-en-arquitectura-digital\\\/#primaryimage\"},\"thumbnailUrl\":\"https:\\\/\\\/i0.wp.com\\\/arga.com.mx\\\/blog\\\/wp-content\\\/uploads\\\/2024\\\/09\\\/imagen-114.png?fit=1024%2C1024&ssl=1\",\"datePublished\":\"2024-09-30T22:09:37+00:00\",\"description\":\"Tendencias Futuras en Arquitectura Digital Arquitectura Gaceta\",\"breadcrumb\":{\"@id\":\"https:\\\/\\\/arga.com.mx\\\/blog\\\/2024\\\/09\\\/30\\\/tendencias-futuras-en-arquitectura-digital\\\/#breadcrumb\"},\"inLanguage\":\"es\",\"potentialAction\":[{\"@type\":\"ReadAction\",\"target\":[\"https:\\\/\\\/arga.com.mx\\\/blog\\\/2024\\\/09\\\/30\\\/tendencias-futuras-en-arquitectura-digital\\\/\"]}]},{\"@type\":\"ImageObject\",\"inLanguage\":\"es\",\"@id\":\"https:\\\/\\\/arga.com.mx\\\/blog\\\/2024\\\/09\\\/30\\\/tendencias-futuras-en-arquitectura-digital\\\/#primaryimage\",\"url\":\"https:\\\/\\\/i0.wp.com\\\/arga.com.mx\\\/blog\\\/wp-content\\\/uploads\\\/2024\\\/09\\\/imagen-114.png?fit=1024%2C1024&ssl=1\",\"contentUrl\":\"https:\\\/\\\/i0.wp.com\\\/arga.com.mx\\\/blog\\\/wp-content\\\/uploads\\\/2024\\\/09\\\/imagen-114.png?fit=1024%2C1024&ssl=1\",\"width\":1024,\"height\":1024},{\"@type\":\"BreadcrumbList\",\"@id\":\"https:\\\/\\\/arga.com.mx\\\/blog\\\/2024\\\/09\\\/30\\\/tendencias-futuras-en-arquitectura-digital\\\/#breadcrumb\",\"itemListElement\":[{\"@type\":\"ListItem\",\"position\":1,\"name\":\"Home\",\"item\":\"https:\\\/\\\/arga.com.mx\\\/blog\\\/\"},{\"@type\":\"ListItem\",\"position\":2,\"name\":\"Tendencias Futuras en Arquitectura Digital\"}]},{\"@type\":\"WebSite\",\"@id\":\"https:\\\/\\\/arga.com.mx\\\/blog\\\/#website\",\"url\":\"https:\\\/\\\/arga.com.mx\\\/blog\\\/\",\"name\":\"Arquitecto en M\u00e9xico cdmx\",\"description\":\"El blog del Arquitecto en M\u00e9xico por Arturo Garcia\",\"publisher\":{\"@id\":\"https:\\\/\\\/arga.com.mx\\\/blog\\\/#organization\"},\"potentialAction\":[{\"@type\":\"SearchAction\",\"target\":{\"@type\":\"EntryPoint\",\"urlTemplate\":\"https:\\\/\\\/arga.com.mx\\\/blog\\\/?s={search_term_string}\"},\"query-input\":{\"@type\":\"PropertyValueSpecification\",\"valueRequired\":true,\"valueName\":\"search_term_string\"}}],\"inLanguage\":\"es\"},{\"@type\":\"Organization\",\"@id\":\"https:\\\/\\\/arga.com.mx\\\/blog\\\/#organization\",\"name\":\"Arquitecto en M\u00e9xico cdmx\",\"url\":\"https:\\\/\\\/arga.com.mx\\\/blog\\\/\",\"logo\":{\"@type\":\"ImageObject\",\"inLanguage\":\"es\",\"@id\":\"https:\\\/\\\/arga.com.mx\\\/blog\\\/#\\\/schema\\\/logo\\\/image\\\/\",\"url\":\"https:\\\/\\\/i0.wp.com\\\/arga.com.mx\\\/blog\\\/wp-content\\\/uploads\\\/2024\\\/09\\\/banner-blog-1-1.png?fit=1123%2C342&ssl=1\",\"contentUrl\":\"https:\\\/\\\/i0.wp.com\\\/arga.com.mx\\\/blog\\\/wp-content\\\/uploads\\\/2024\\\/09\\\/banner-blog-1-1.png?fit=1123%2C342&ssl=1\",\"width\":1123,\"height\":342,\"caption\":\"Arquitecto en M\u00e9xico cdmx\"},\"image\":{\"@id\":\"https:\\\/\\\/arga.com.mx\\\/blog\\\/#\\\/schema\\\/logo\\\/image\\\/\"},\"sameAs\":[\"https:\\\/\\\/www.facebook.com\\\/ARGAArchitecture\"]},{\"@type\":\"Person\",\"@id\":\"https:\\\/\\\/arga.com.mx\\\/blog\\\/#\\\/schema\\\/person\\\/f175f8d81f44be7ec3020f1a3a9b7e23\",\"name\":\"admin\",\"image\":{\"@type\":\"ImageObject\",\"inLanguage\":\"es\",\"@id\":\"https:\\\/\\\/secure.gravatar.com\\\/avatar\\\/b3e3e019b326b4209d932274e7c6a1ad517fe99e9562c2fdf8de71f456a3ab84?s=96&d=mm&r=g\",\"url\":\"https:\\\/\\\/secure.gravatar.com\\\/avatar\\\/b3e3e019b326b4209d932274e7c6a1ad517fe99e9562c2fdf8de71f456a3ab84?s=96&d=mm&r=g\",\"contentUrl\":\"https:\\\/\\\/secure.gravatar.com\\\/avatar\\\/b3e3e019b326b4209d932274e7c6a1ad517fe99e9562c2fdf8de71f456a3ab84?s=96&d=mm&r=g\",\"caption\":\"admin\"},\"sameAs\":[\"https:\\\/\\\/arga.com.mx\\\/blog\"],\"url\":\"https:\\\/\\\/arga.com.mx\\\/blog\\\/author\\\/admin\\\/\"}]}<\/script>\n<!-- \/ Yoast SEO plugin. -->","yoast_head_json":{"title":"Tendencias Futuras en Arquitectura Digital - Arquitectura Gaceta","description":"Tendencias Futuras en Arquitectura Digital Arquitectura Gaceta","robots":{"index":"index","follow":"follow","max-snippet":"max-snippet:-1","max-image-preview":"max-image-preview:large","max-video-preview":"max-video-preview:-1"},"canonical":"https:\/\/arga.com.mx\/blog\/2024\/09\/30\/tendencias-futuras-en-arquitectura-digital\/","og_locale":"es_MX","og_type":"article","og_title":"Tendencias Futuras en Arquitectura Digital - Arquitectura Gaceta","og_description":"Tendencias Futuras en Arquitectura Digital Arquitectura Gaceta","og_url":"https:\/\/arga.com.mx\/blog\/2024\/09\/30\/tendencias-futuras-en-arquitectura-digital\/","og_site_name":"Arquitectura Gaceta","article_publisher":"https:\/\/www.facebook.com\/ARGAArchitecture","article_published_time":"2024-09-30T22:09:37+00:00","author":"admin","twitter_card":"summary_large_image","twitter_misc":{"Escrito por":"admin","Tiempo de lectura":"3 minutos"},"schema":{"@context":"https:\/\/schema.org","@graph":[{"@type":"Article","@id":"https:\/\/arga.com.mx\/blog\/2024\/09\/30\/tendencias-futuras-en-arquitectura-digital\/#article","isPartOf":{"@id":"https:\/\/arga.com.mx\/blog\/2024\/09\/30\/tendencias-futuras-en-arquitectura-digital\/"},"author":{"name":"admin","@id":"https:\/\/arga.com.mx\/blog\/#\/schema\/person\/f175f8d81f44be7ec3020f1a3a9b7e23"},"headline":"Tendencias Futuras en Arquitectura Digital","datePublished":"2024-09-30T22:09:37+00:00","mainEntityOfPage":{"@id":"https:\/\/arga.com.mx\/blog\/2024\/09\/30\/tendencias-futuras-en-arquitectura-digital\/"},"wordCount":602,"commentCount":0,"publisher":{"@id":"https:\/\/arga.com.mx\/blog\/#organization"},"image":{"@id":"https:\/\/arga.com.mx\/blog\/2024\/09\/30\/tendencias-futuras-en-arquitectura-digital\/#primaryimage"},"thumbnailUrl":"https:\/\/i0.wp.com\/arga.com.mx\/blog\/wp-content\/uploads\/2024\/09\/imagen-114.png?fit=1024%2C1024&ssl=1","articleSection":["Arquitecto"],"inLanguage":"es","potentialAction":[{"@type":"CommentAction","name":"Comment","target":["https:\/\/arga.com.mx\/blog\/2024\/09\/30\/tendencias-futuras-en-arquitectura-digital\/#respond"]}]},{"@type":"WebPage","@id":"https:\/\/arga.com.mx\/blog\/2024\/09\/30\/tendencias-futuras-en-arquitectura-digital\/","url":"https:\/\/arga.com.mx\/blog\/2024\/09\/30\/tendencias-futuras-en-arquitectura-digital\/","name":"Tendencias Futuras en Arquitectura Digital - Arquitectura Gaceta","isPartOf":{"@id":"https:\/\/arga.com.mx\/blog\/#website"},"primaryImageOfPage":{"@id":"https:\/\/arga.com.mx\/blog\/2024\/09\/30\/tendencias-futuras-en-arquitectura-digital\/#primaryimage"},"image":{"@id":"https:\/\/arga.com.mx\/blog\/2024\/09\/30\/tendencias-futuras-en-arquitectura-digital\/#primaryimage"},"thumbnailUrl":"https:\/\/i0.wp.com\/arga.com.mx\/blog\/wp-content\/uploads\/2024\/09\/imagen-114.png?fit=1024%2C1024&ssl=1","datePublished":"2024-09-30T22:09:37+00:00","description":"Tendencias Futuras en Arquitectura Digital Arquitectura Gaceta","breadcrumb":{"@id":"https:\/\/arga.com.mx\/blog\/2024\/09\/30\/tendencias-futuras-en-arquitectura-digital\/#breadcrumb"},"inLanguage":"es","potentialAction":[{"@type":"ReadAction","target":["https:\/\/arga.com.mx\/blog\/2024\/09\/30\/tendencias-futuras-en-arquitectura-digital\/"]}]},{"@type":"ImageObject","inLanguage":"es","@id":"https:\/\/arga.com.mx\/blog\/2024\/09\/30\/tendencias-futuras-en-arquitectura-digital\/#primaryimage","url":"https:\/\/i0.wp.com\/arga.com.mx\/blog\/wp-content\/uploads\/2024\/09\/imagen-114.png?fit=1024%2C1024&ssl=1","contentUrl":"https:\/\/i0.wp.com\/arga.com.mx\/blog\/wp-content\/uploads\/2024\/09\/imagen-114.png?fit=1024%2C1024&ssl=1","width":1024,"height":1024},{"@type":"BreadcrumbList","@id":"https:\/\/arga.com.mx\/blog\/2024\/09\/30\/tendencias-futuras-en-arquitectura-digital\/#breadcrumb","itemListElement":[{"@type":"ListItem","position":1,"name":"Home","item":"https:\/\/arga.com.mx\/blog\/"},{"@type":"ListItem","position":2,"name":"Tendencias Futuras en Arquitectura Digital"}]},{"@type":"WebSite","@id":"https:\/\/arga.com.mx\/blog\/#website","url":"https:\/\/arga.com.mx\/blog\/","name":"Arquitecto en M\u00e9xico cdmx","description":"El blog del Arquitecto en M\u00e9xico por Arturo Garcia","publisher":{"@id":"https:\/\/arga.com.mx\/blog\/#organization"},"potentialAction":[{"@type":"SearchAction","target":{"@type":"EntryPoint","urlTemplate":"https:\/\/arga.com.mx\/blog\/?s={search_term_string}"},"query-input":{"@type":"PropertyValueSpecification","valueRequired":true,"valueName":"search_term_string"}}],"inLanguage":"es"},{"@type":"Organization","@id":"https:\/\/arga.com.mx\/blog\/#organization","name":"Arquitecto en M\u00e9xico cdmx","url":"https:\/\/arga.com.mx\/blog\/","logo":{"@type":"ImageObject","inLanguage":"es","@id":"https:\/\/arga.com.mx\/blog\/#\/schema\/logo\/image\/","url":"https:\/\/i0.wp.com\/arga.com.mx\/blog\/wp-content\/uploads\/2024\/09\/banner-blog-1-1.png?fit=1123%2C342&ssl=1","contentUrl":"https:\/\/i0.wp.com\/arga.com.mx\/blog\/wp-content\/uploads\/2024\/09\/banner-blog-1-1.png?fit=1123%2C342&ssl=1","width":1123,"height":342,"caption":"Arquitecto en M\u00e9xico cdmx"},"image":{"@id":"https:\/\/arga.com.mx\/blog\/#\/schema\/logo\/image\/"},"sameAs":["https:\/\/www.facebook.com\/ARGAArchitecture"]},{"@type":"Person","@id":"https:\/\/arga.com.mx\/blog\/#\/schema\/person\/f175f8d81f44be7ec3020f1a3a9b7e23","name":"admin","image":{"@type":"ImageObject","inLanguage":"es","@id":"https:\/\/secure.gravatar.com\/avatar\/b3e3e019b326b4209d932274e7c6a1ad517fe99e9562c2fdf8de71f456a3ab84?s=96&d=mm&r=g","url":"https:\/\/secure.gravatar.com\/avatar\/b3e3e019b326b4209d932274e7c6a1ad517fe99e9562c2fdf8de71f456a3ab84?s=96&d=mm&r=g","contentUrl":"https:\/\/secure.gravatar.com\/avatar\/b3e3e019b326b4209d932274e7c6a1ad517fe99e9562c2fdf8de71f456a3ab84?s=96&d=mm&r=g","caption":"admin"},"sameAs":["https:\/\/arga.com.mx\/blog"],"url":"https:\/\/arga.com.mx\/blog\/author\/admin\/"}]}},"jetpack_featured_media_url":"https:\/\/i0.wp.com\/arga.com.mx\/blog\/wp-content\/uploads\/2024\/09\/imagen-114.png?fit=1024%2C1024&ssl=1","jetpack_sharing_enabled":true,"_links":{"self":[{"href":"https:\/\/arga.com.mx\/blog\/wp-json\/wp\/v2\/posts\/266","targetHints":{"allow":["GET"]}}],"collection":[{"href":"https:\/\/arga.com.mx\/blog\/wp-json\/wp\/v2\/posts"}],"about":[{"href":"https:\/\/arga.com.mx\/blog\/wp-json\/wp\/v2\/types\/post"}],"author":[{"embeddable":true,"href":"https:\/\/arga.com.mx\/blog\/wp-json\/wp\/v2\/users\/1"}],"replies":[{"embeddable":true,"href":"https:\/\/arga.com.mx\/blog\/wp-json\/wp\/v2\/comments?post=266"}],"version-history":[{"count":0,"href":"https:\/\/arga.com.mx\/blog\/wp-json\/wp\/v2\/posts\/266\/revisions"}],"wp:featuredmedia":[{"embeddable":true,"href":"https:\/\/arga.com.mx\/blog\/wp-json\/wp\/v2\/media\/265"}],"wp:attachment":[{"href":"https:\/\/arga.com.mx\/blog\/wp-json\/wp\/v2\/media?parent=266"}],"wp:term":[{"taxonomy":"category","embeddable":true,"href":"https:\/\/arga.com.mx\/blog\/wp-json\/wp\/v2\/categories?post=266"},{"taxonomy":"post_tag","embeddable":true,"href":"https:\/\/arga.com.mx\/blog\/wp-json\/wp\/v2\/tags?post=266"}],"curies":[{"name":"wp","href":"https:\/\/api.w.org\/{rel}","templated":true}]}}