{"id":264,"date":"2024-09-30T16:09:04","date_gmt":"2024-09-30T22:09:04","guid":{"rendered":"https:\/\/arga.com.mx\/blog\/2024\/09\/30\/digitalizacion-y-resiliencia-urbana\/"},"modified":"2024-09-30T16:09:04","modified_gmt":"2024-09-30T22:09:04","slug":"digitalizacion-y-resiliencia-urbana","status":"publish","type":"post","link":"https:\/\/arga.com.mx\/blog\/2024\/09\/30\/digitalizacion-y-resiliencia-urbana\/","title":{"rendered":"Digitalizaci\u00f3n y resiliencia urbana"},"content":{"rendered":"<p>La digitalizaci\u00f3n est\u00e1 transformando la manera en que las ciudades enfrentan crisis. A medida que el mundo se vuelve m\u00e1s interconectado, las ciudades est\u00e1n implementando tecnolog\u00edas digitales para fortalecer su resiliencia. <\/p>\n<p>La incorporaci\u00f3n de sistemas inteligentes en la gesti\u00f3n de recursos urbanos permite a las ciudades monitorear en tiempo real el uso de energ\u00eda, agua y otros recursos. Esta supervisi\u00f3n ayuda a detectar problemas antes de que se conviertan en crisis. La anal\u00edtica de datos puede prever fallas en infraestructuras, permitiendo reparaciones proactivas que ahorran tiempo y dinero. <\/p>\n<p>Adem\u00e1s, las plataformas digitales para la comunicaci\u00f3n con los ciudadanos son cruciales. Estas herramientas permiten que los residentes reporten emergencias, accedan a informaci\u00f3n sobre servicios p\u00fablicos y participen en la toma de decisiones. La consulta ciudadana digital proporciona una voz a los ciudadanos en la planificaci\u00f3n urbana y la gesti\u00f3n de emergencias, lo que fortalece el tejido social y la confianza en las instituciones. <\/p>\n<p>La digitalizaci\u00f3n tambi\u00e9n mejora la gesti\u00f3n del transporte. Las ciudades que implementan aplicaciones de movilidad pueden reducir el tr\u00e1fico y la contaminaci\u00f3n al permitir a los usuarios planificar sus rutas de manera m\u00e1s eficiente. Esto es especialmente relevante en situaciones de crisis, donde la congesti\u00f3n puede agravar una situaci\u00f3n de emergencia. <\/p>\n<p>Por otro lado, la educaci\u00f3n digital y la sensibilizaci\u00f3n ciudadana son pilares fundamentales para la resiliencia. Programas de entrenamiento en l\u00ednea ofrecen a los ciudadanos herramientas y conocimientos para enfrentar desastres, prepar\u00e1ndose para cualquier eventualidad. Ya sean desastres naturales o crisis sanitarias, la capacidad de adaptaci\u00f3n depende en gran medida de la preparaci\u00f3n de la poblaci\u00f3n. <\/p>\n<p>En conclusi\u00f3n, la digitalizaci\u00f3n no solo mejora la eficiencia de las ciudades, sino que tambi\u00e9n crea una comunidad m\u00e1s resiliente. Las tecnolog\u00edas digitales permiten detectar y reaccionar ante crisis de manera m\u00e1s efectiva, participan a los ciudadanos en la gobernanza y garantizan una mejor calidad de vida. La resiliencia urbana debe ser una prioridad, y la digitalizaci\u00f3n es el camino hacia un futuro m\u00e1s seguro y sostenible. <\/p>\n<p>Para m\u00e1s informaci\u00f3n, pueden contactar al Arq. Arturo Garc\u00eda Castellanos, arquitecto desarrollador, al correo contacto@arga.com.mx o al tel\u00e9fono 55 2887 8750.<\/p>\n","protected":false},"excerpt":{"rendered":"<p>La digitalizaci\u00f3n est\u00e1 transformando la manera en que las ciudades enfrentan crisis. A medida que el mundo se vuelve m\u00e1s interconectado, las ciudades est\u00e1n implementando tecnolog\u00edas digitales para fortalecer su resiliencia. La incorporaci\u00f3n de sistemas inteligentes en la gesti\u00f3n de recursos urbanos permite a las ciudades monitorear en tiempo real el uso de energ\u00eda, agua&#8230;<\/p>\n","protected":false},"author":1,"featured_media":263,"comment_status":"open","ping_status":"open","sticky":false,"template":"","format":"standard","meta":{"nf_dc_page":"","om_disable_all_campaigns":false,"_jetpack_memberships_contains_paid_content":false,"footnotes":""},"categories":[1],"tags":[],"class_list":["post-264","post","type-post","status-publish","format-standard","has-post-thumbnail","hentry","category-arquitecto"],"yoast_head":"<!-- This site is optimized with the Yoast SEO plugin v27.5 - https:\/\/yoast.com\/product\/yoast-seo-wordpress\/ -->\n<title>Digitalizaci\u00f3n y resiliencia urbana - Arquitectura Gaceta<\/title>\n<meta name=\"description\" content=\"Digitalizaci\u00f3n y resiliencia urbana Arquitectura Gaceta\" \/>\n<meta name=\"robots\" content=\"index, follow, max-snippet:-1, max-image-preview:large, max-video-preview:-1\" \/>\n<link rel=\"canonical\" href=\"https:\/\/arga.com.mx\/blog\/2024\/09\/30\/digitalizacion-y-resiliencia-urbana\/\" \/>\n<meta property=\"og:locale\" content=\"es_MX\" \/>\n<meta property=\"og:type\" content=\"article\" \/>\n<meta property=\"og:title\" content=\"Digitalizaci\u00f3n y resiliencia urbana - Arquitectura Gaceta\" \/>\n<meta property=\"og:description\" content=\"Digitalizaci\u00f3n y resiliencia urbana Arquitectura Gaceta\" \/>\n<meta property=\"og:url\" content=\"https:\/\/arga.com.mx\/blog\/2024\/09\/30\/digitalizacion-y-resiliencia-urbana\/\" \/>\n<meta property=\"og:site_name\" content=\"Arquitectura Gaceta\" \/>\n<meta property=\"article:publisher\" content=\"https:\/\/www.facebook.com\/ARGAArchitecture\" \/>\n<meta property=\"article:published_time\" content=\"2024-09-30T22:09:04+00:00\" \/>\n<meta name=\"author\" content=\"admin\" \/>\n<meta name=\"twitter:card\" content=\"summary_large_image\" \/>\n<meta name=\"twitter:label1\" content=\"Escrito por\" \/>\n\t<meta name=\"twitter:data1\" content=\"admin\" \/>\n\t<meta name=\"twitter:label2\" content=\"Tiempo de lectura\" \/>\n\t<meta name=\"twitter:data2\" content=\"2 minutos\" \/>\n<script type=\"application\/ld+json\" class=\"yoast-schema-graph\">{\"@context\":\"https:\\\/\\\/schema.org\",\"@graph\":[{\"@type\":\"Article\",\"@id\":\"https:\\\/\\\/arga.com.mx\\\/blog\\\/2024\\\/09\\\/30\\\/digitalizacion-y-resiliencia-urbana\\\/#article\",\"isPartOf\":{\"@id\":\"https:\\\/\\\/arga.com.mx\\\/blog\\\/2024\\\/09\\\/30\\\/digitalizacion-y-resiliencia-urbana\\\/\"},\"author\":{\"name\":\"admin\",\"@id\":\"https:\\\/\\\/arga.com.mx\\\/blog\\\/#\\\/schema\\\/person\\\/f175f8d81f44be7ec3020f1a3a9b7e23\"},\"headline\":\"Digitalizaci\u00f3n y resiliencia urbana\",\"datePublished\":\"2024-09-30T22:09:04+00:00\",\"mainEntityOfPage\":{\"@id\":\"https:\\\/\\\/arga.com.mx\\\/blog\\\/2024\\\/09\\\/30\\\/digitalizacion-y-resiliencia-urbana\\\/\"},\"wordCount\":394,\"commentCount\":0,\"publisher\":{\"@id\":\"https:\\\/\\\/arga.com.mx\\\/blog\\\/#organization\"},\"image\":{\"@id\":\"https:\\\/\\\/arga.com.mx\\\/blog\\\/2024\\\/09\\\/30\\\/digitalizacion-y-resiliencia-urbana\\\/#primaryimage\"},\"thumbnailUrl\":\"https:\\\/\\\/i0.wp.com\\\/arga.com.mx\\\/blog\\\/wp-content\\\/uploads\\\/2024\\\/09\\\/imagen-113.png?fit=1024%2C1024&ssl=1\",\"articleSection\":[\"Arquitecto\"],\"inLanguage\":\"es\",\"potentialAction\":[{\"@type\":\"CommentAction\",\"name\":\"Comment\",\"target\":[\"https:\\\/\\\/arga.com.mx\\\/blog\\\/2024\\\/09\\\/30\\\/digitalizacion-y-resiliencia-urbana\\\/#respond\"]}]},{\"@type\":\"WebPage\",\"@id\":\"https:\\\/\\\/arga.com.mx\\\/blog\\\/2024\\\/09\\\/30\\\/digitalizacion-y-resiliencia-urbana\\\/\",\"url\":\"https:\\\/\\\/arga.com.mx\\\/blog\\\/2024\\\/09\\\/30\\\/digitalizacion-y-resiliencia-urbana\\\/\",\"name\":\"Digitalizaci\u00f3n y resiliencia urbana - Arquitectura Gaceta\",\"isPartOf\":{\"@id\":\"https:\\\/\\\/arga.com.mx\\\/blog\\\/#website\"},\"primaryImageOfPage\":{\"@id\":\"https:\\\/\\\/arga.com.mx\\\/blog\\\/2024\\\/09\\\/30\\\/digitalizacion-y-resiliencia-urbana\\\/#primaryimage\"},\"image\":{\"@id\":\"https:\\\/\\\/arga.com.mx\\\/blog\\\/2024\\\/09\\\/30\\\/digitalizacion-y-resiliencia-urbana\\\/#primaryimage\"},\"thumbnailUrl\":\"https:\\\/\\\/i0.wp.com\\\/arga.com.mx\\\/blog\\\/wp-content\\\/uploads\\\/2024\\\/09\\\/imagen-113.png?fit=1024%2C1024&ssl=1\",\"datePublished\":\"2024-09-30T22:09:04+00:00\",\"description\":\"Digitalizaci\u00f3n y resiliencia urbana Arquitectura Gaceta\",\"breadcrumb\":{\"@id\":\"https:\\\/\\\/arga.com.mx\\\/blog\\\/2024\\\/09\\\/30\\\/digitalizacion-y-resiliencia-urbana\\\/#breadcrumb\"},\"inLanguage\":\"es\",\"potentialAction\":[{\"@type\":\"ReadAction\",\"target\":[\"https:\\\/\\\/arga.com.mx\\\/blog\\\/2024\\\/09\\\/30\\\/digitalizacion-y-resiliencia-urbana\\\/\"]}]},{\"@type\":\"ImageObject\",\"inLanguage\":\"es\",\"@id\":\"https:\\\/\\\/arga.com.mx\\\/blog\\\/2024\\\/09\\\/30\\\/digitalizacion-y-resiliencia-urbana\\\/#primaryimage\",\"url\":\"https:\\\/\\\/i0.wp.com\\\/arga.com.mx\\\/blog\\\/wp-content\\\/uploads\\\/2024\\\/09\\\/imagen-113.png?fit=1024%2C1024&ssl=1\",\"contentUrl\":\"https:\\\/\\\/i0.wp.com\\\/arga.com.mx\\\/blog\\\/wp-content\\\/uploads\\\/2024\\\/09\\\/imagen-113.png?fit=1024%2C1024&ssl=1\",\"width\":1024,\"height\":1024},{\"@type\":\"BreadcrumbList\",\"@id\":\"https:\\\/\\\/arga.com.mx\\\/blog\\\/2024\\\/09\\\/30\\\/digitalizacion-y-resiliencia-urbana\\\/#breadcrumb\",\"itemListElement\":[{\"@type\":\"ListItem\",\"position\":1,\"name\":\"Home\",\"item\":\"https:\\\/\\\/arga.com.mx\\\/blog\\\/\"},{\"@type\":\"ListItem\",\"position\":2,\"name\":\"Digitalizaci\u00f3n y resiliencia urbana\"}]},{\"@type\":\"WebSite\",\"@id\":\"https:\\\/\\\/arga.com.mx\\\/blog\\\/#website\",\"url\":\"https:\\\/\\\/arga.com.mx\\\/blog\\\/\",\"name\":\"Arquitecto en M\u00e9xico cdmx\",\"description\":\"El blog del Arquitecto en M\u00e9xico por Arturo Garcia\",\"publisher\":{\"@id\":\"https:\\\/\\\/arga.com.mx\\\/blog\\\/#organization\"},\"potentialAction\":[{\"@type\":\"SearchAction\",\"target\":{\"@type\":\"EntryPoint\",\"urlTemplate\":\"https:\\\/\\\/arga.com.mx\\\/blog\\\/?s={search_term_string}\"},\"query-input\":{\"@type\":\"PropertyValueSpecification\",\"valueRequired\":true,\"valueName\":\"search_term_string\"}}],\"inLanguage\":\"es\"},{\"@type\":\"Organization\",\"@id\":\"https:\\\/\\\/arga.com.mx\\\/blog\\\/#organization\",\"name\":\"Arquitecto en M\u00e9xico cdmx\",\"url\":\"https:\\\/\\\/arga.com.mx\\\/blog\\\/\",\"logo\":{\"@type\":\"ImageObject\",\"inLanguage\":\"es\",\"@id\":\"https:\\\/\\\/arga.com.mx\\\/blog\\\/#\\\/schema\\\/logo\\\/image\\\/\",\"url\":\"https:\\\/\\\/i0.wp.com\\\/arga.com.mx\\\/blog\\\/wp-content\\\/uploads\\\/2024\\\/09\\\/banner-blog-1-1.png?fit=1123%2C342&ssl=1\",\"contentUrl\":\"https:\\\/\\\/i0.wp.com\\\/arga.com.mx\\\/blog\\\/wp-content\\\/uploads\\\/2024\\\/09\\\/banner-blog-1-1.png?fit=1123%2C342&ssl=1\",\"width\":1123,\"height\":342,\"caption\":\"Arquitecto en M\u00e9xico cdmx\"},\"image\":{\"@id\":\"https:\\\/\\\/arga.com.mx\\\/blog\\\/#\\\/schema\\\/logo\\\/image\\\/\"},\"sameAs\":[\"https:\\\/\\\/www.facebook.com\\\/ARGAArchitecture\"]},{\"@type\":\"Person\",\"@id\":\"https:\\\/\\\/arga.com.mx\\\/blog\\\/#\\\/schema\\\/person\\\/f175f8d81f44be7ec3020f1a3a9b7e23\",\"name\":\"admin\",\"image\":{\"@type\":\"ImageObject\",\"inLanguage\":\"es\",\"@id\":\"https:\\\/\\\/secure.gravatar.com\\\/avatar\\\/b3e3e019b326b4209d932274e7c6a1ad517fe99e9562c2fdf8de71f456a3ab84?s=96&d=mm&r=g\",\"url\":\"https:\\\/\\\/secure.gravatar.com\\\/avatar\\\/b3e3e019b326b4209d932274e7c6a1ad517fe99e9562c2fdf8de71f456a3ab84?s=96&d=mm&r=g\",\"contentUrl\":\"https:\\\/\\\/secure.gravatar.com\\\/avatar\\\/b3e3e019b326b4209d932274e7c6a1ad517fe99e9562c2fdf8de71f456a3ab84?s=96&d=mm&r=g\",\"caption\":\"admin\"},\"sameAs\":[\"https:\\\/\\\/arga.com.mx\\\/blog\"],\"url\":\"https:\\\/\\\/arga.com.mx\\\/blog\\\/author\\\/admin\\\/\"}]}<\/script>\n<!-- \/ Yoast SEO plugin. -->","yoast_head_json":{"title":"Digitalizaci\u00f3n y resiliencia urbana - Arquitectura Gaceta","description":"Digitalizaci\u00f3n y resiliencia urbana Arquitectura Gaceta","robots":{"index":"index","follow":"follow","max-snippet":"max-snippet:-1","max-image-preview":"max-image-preview:large","max-video-preview":"max-video-preview:-1"},"canonical":"https:\/\/arga.com.mx\/blog\/2024\/09\/30\/digitalizacion-y-resiliencia-urbana\/","og_locale":"es_MX","og_type":"article","og_title":"Digitalizaci\u00f3n y resiliencia urbana - Arquitectura Gaceta","og_description":"Digitalizaci\u00f3n y resiliencia urbana Arquitectura Gaceta","og_url":"https:\/\/arga.com.mx\/blog\/2024\/09\/30\/digitalizacion-y-resiliencia-urbana\/","og_site_name":"Arquitectura Gaceta","article_publisher":"https:\/\/www.facebook.com\/ARGAArchitecture","article_published_time":"2024-09-30T22:09:04+00:00","author":"admin","twitter_card":"summary_large_image","twitter_misc":{"Escrito por":"admin","Tiempo de lectura":"2 minutos"},"schema":{"@context":"https:\/\/schema.org","@graph":[{"@type":"Article","@id":"https:\/\/arga.com.mx\/blog\/2024\/09\/30\/digitalizacion-y-resiliencia-urbana\/#article","isPartOf":{"@id":"https:\/\/arga.com.mx\/blog\/2024\/09\/30\/digitalizacion-y-resiliencia-urbana\/"},"author":{"name":"admin","@id":"https:\/\/arga.com.mx\/blog\/#\/schema\/person\/f175f8d81f44be7ec3020f1a3a9b7e23"},"headline":"Digitalizaci\u00f3n y resiliencia urbana","datePublished":"2024-09-30T22:09:04+00:00","mainEntityOfPage":{"@id":"https:\/\/arga.com.mx\/blog\/2024\/09\/30\/digitalizacion-y-resiliencia-urbana\/"},"wordCount":394,"commentCount":0,"publisher":{"@id":"https:\/\/arga.com.mx\/blog\/#organization"},"image":{"@id":"https:\/\/arga.com.mx\/blog\/2024\/09\/30\/digitalizacion-y-resiliencia-urbana\/#primaryimage"},"thumbnailUrl":"https:\/\/i0.wp.com\/arga.com.mx\/blog\/wp-content\/uploads\/2024\/09\/imagen-113.png?fit=1024%2C1024&ssl=1","articleSection":["Arquitecto"],"inLanguage":"es","potentialAction":[{"@type":"CommentAction","name":"Comment","target":["https:\/\/arga.com.mx\/blog\/2024\/09\/30\/digitalizacion-y-resiliencia-urbana\/#respond"]}]},{"@type":"WebPage","@id":"https:\/\/arga.com.mx\/blog\/2024\/09\/30\/digitalizacion-y-resiliencia-urbana\/","url":"https:\/\/arga.com.mx\/blog\/2024\/09\/30\/digitalizacion-y-resiliencia-urbana\/","name":"Digitalizaci\u00f3n y resiliencia urbana - Arquitectura Gaceta","isPartOf":{"@id":"https:\/\/arga.com.mx\/blog\/#website"},"primaryImageOfPage":{"@id":"https:\/\/arga.com.mx\/blog\/2024\/09\/30\/digitalizacion-y-resiliencia-urbana\/#primaryimage"},"image":{"@id":"https:\/\/arga.com.mx\/blog\/2024\/09\/30\/digitalizacion-y-resiliencia-urbana\/#primaryimage"},"thumbnailUrl":"https:\/\/i0.wp.com\/arga.com.mx\/blog\/wp-content\/uploads\/2024\/09\/imagen-113.png?fit=1024%2C1024&ssl=1","datePublished":"2024-09-30T22:09:04+00:00","description":"Digitalizaci\u00f3n y resiliencia urbana Arquitectura Gaceta","breadcrumb":{"@id":"https:\/\/arga.com.mx\/blog\/2024\/09\/30\/digitalizacion-y-resiliencia-urbana\/#breadcrumb"},"inLanguage":"es","potentialAction":[{"@type":"ReadAction","target":["https:\/\/arga.com.mx\/blog\/2024\/09\/30\/digitalizacion-y-resiliencia-urbana\/"]}]},{"@type":"ImageObject","inLanguage":"es","@id":"https:\/\/arga.com.mx\/blog\/2024\/09\/30\/digitalizacion-y-resiliencia-urbana\/#primaryimage","url":"https:\/\/i0.wp.com\/arga.com.mx\/blog\/wp-content\/uploads\/2024\/09\/imagen-113.png?fit=1024%2C1024&ssl=1","contentUrl":"https:\/\/i0.wp.com\/arga.com.mx\/blog\/wp-content\/uploads\/2024\/09\/imagen-113.png?fit=1024%2C1024&ssl=1","width":1024,"height":1024},{"@type":"BreadcrumbList","@id":"https:\/\/arga.com.mx\/blog\/2024\/09\/30\/digitalizacion-y-resiliencia-urbana\/#breadcrumb","itemListElement":[{"@type":"ListItem","position":1,"name":"Home","item":"https:\/\/arga.com.mx\/blog\/"},{"@type":"ListItem","position":2,"name":"Digitalizaci\u00f3n y resiliencia urbana"}]},{"@type":"WebSite","@id":"https:\/\/arga.com.mx\/blog\/#website","url":"https:\/\/arga.com.mx\/blog\/","name":"Arquitecto en M\u00e9xico cdmx","description":"El blog del Arquitecto en M\u00e9xico por Arturo Garcia","publisher":{"@id":"https:\/\/arga.com.mx\/blog\/#organization"},"potentialAction":[{"@type":"SearchAction","target":{"@type":"EntryPoint","urlTemplate":"https:\/\/arga.com.mx\/blog\/?s={search_term_string}"},"query-input":{"@type":"PropertyValueSpecification","valueRequired":true,"valueName":"search_term_string"}}],"inLanguage":"es"},{"@type":"Organization","@id":"https:\/\/arga.com.mx\/blog\/#organization","name":"Arquitecto en M\u00e9xico cdmx","url":"https:\/\/arga.com.mx\/blog\/","logo":{"@type":"ImageObject","inLanguage":"es","@id":"https:\/\/arga.com.mx\/blog\/#\/schema\/logo\/image\/","url":"https:\/\/i0.wp.com\/arga.com.mx\/blog\/wp-content\/uploads\/2024\/09\/banner-blog-1-1.png?fit=1123%2C342&ssl=1","contentUrl":"https:\/\/i0.wp.com\/arga.com.mx\/blog\/wp-content\/uploads\/2024\/09\/banner-blog-1-1.png?fit=1123%2C342&ssl=1","width":1123,"height":342,"caption":"Arquitecto en M\u00e9xico cdmx"},"image":{"@id":"https:\/\/arga.com.mx\/blog\/#\/schema\/logo\/image\/"},"sameAs":["https:\/\/www.facebook.com\/ARGAArchitecture"]},{"@type":"Person","@id":"https:\/\/arga.com.mx\/blog\/#\/schema\/person\/f175f8d81f44be7ec3020f1a3a9b7e23","name":"admin","image":{"@type":"ImageObject","inLanguage":"es","@id":"https:\/\/secure.gravatar.com\/avatar\/b3e3e019b326b4209d932274e7c6a1ad517fe99e9562c2fdf8de71f456a3ab84?s=96&d=mm&r=g","url":"https:\/\/secure.gravatar.com\/avatar\/b3e3e019b326b4209d932274e7c6a1ad517fe99e9562c2fdf8de71f456a3ab84?s=96&d=mm&r=g","contentUrl":"https:\/\/secure.gravatar.com\/avatar\/b3e3e019b326b4209d932274e7c6a1ad517fe99e9562c2fdf8de71f456a3ab84?s=96&d=mm&r=g","caption":"admin"},"sameAs":["https:\/\/arga.com.mx\/blog"],"url":"https:\/\/arga.com.mx\/blog\/author\/admin\/"}]}},"jetpack_featured_media_url":"https:\/\/i0.wp.com\/arga.com.mx\/blog\/wp-content\/uploads\/2024\/09\/imagen-113.png?fit=1024%2C1024&ssl=1","jetpack_sharing_enabled":true,"_links":{"self":[{"href":"https:\/\/arga.com.mx\/blog\/wp-json\/wp\/v2\/posts\/264","targetHints":{"allow":["GET"]}}],"collection":[{"href":"https:\/\/arga.com.mx\/blog\/wp-json\/wp\/v2\/posts"}],"about":[{"href":"https:\/\/arga.com.mx\/blog\/wp-json\/wp\/v2\/types\/post"}],"author":[{"embeddable":true,"href":"https:\/\/arga.com.mx\/blog\/wp-json\/wp\/v2\/users\/1"}],"replies":[{"embeddable":true,"href":"https:\/\/arga.com.mx\/blog\/wp-json\/wp\/v2\/comments?post=264"}],"version-history":[{"count":0,"href":"https:\/\/arga.com.mx\/blog\/wp-json\/wp\/v2\/posts\/264\/revisions"}],"wp:featuredmedia":[{"embeddable":true,"href":"https:\/\/arga.com.mx\/blog\/wp-json\/wp\/v2\/media\/263"}],"wp:attachment":[{"href":"https:\/\/arga.com.mx\/blog\/wp-json\/wp\/v2\/media?parent=264"}],"wp:term":[{"taxonomy":"category","embeddable":true,"href":"https:\/\/arga.com.mx\/blog\/wp-json\/wp\/v2\/categories?post=264"},{"taxonomy":"post_tag","embeddable":true,"href":"https:\/\/arga.com.mx\/blog\/wp-json\/wp\/v2\/tags?post=264"}],"curies":[{"name":"wp","href":"https:\/\/api.w.org\/{rel}","templated":true}]}}