{"id":258,"date":"2024-09-30T16:07:26","date_gmt":"2024-09-30T22:07:26","guid":{"rendered":"https:\/\/arga.com.mx\/blog\/2024\/09\/30\/transformacion-agricola-a-traves-de-la-arquitectura-digital\/"},"modified":"2024-09-30T16:07:26","modified_gmt":"2024-09-30T22:07:26","slug":"transformacion-agricola-a-traves-de-la-arquitectura-digital","status":"publish","type":"post","link":"https:\/\/arga.com.mx\/blog\/2024\/09\/30\/transformacion-agricola-a-traves-de-la-arquitectura-digital\/","title":{"rendered":"Transformaci\u00f3n Agr\u00edcola a Trav\u00e9s de la Arquitectura Digital"},"content":{"rendered":"<p>La arquitectura digital ha revolucionado el sector agr\u00edcola, ofreciendo soluciones innovadoras que permiten aumentar la productividad y sostenibilidad. En este art\u00edculo, exploraremos c\u00f3mo la integraci\u00f3n de tecnolog\u00edas digitales en la arquitectura agr\u00edcola est\u00e1 cambiado la manera en que los agricultores trabajan.<\/p>\n<p>Uno de los avances m\u00e1s significativos es el uso de drones y sensores que recopilan datos en tiempo real sobre las condiciones del suelo y los cultivos. Estos dispositivos proporcionan informaci\u00f3n cr\u00edtica que permite a los agricultores tomar decisiones informadas sobre el riego, la fertilizaci\u00f3n y la cosecha. La recopilaci\u00f3n y an\u00e1lisis de estos datos se ha vuelto esencial para maximizar el rendimiento de los cultivos.<\/p>\n<p>Adem\u00e1s de los drones, la implementaci\u00f3n de software de modelado y simulaci\u00f3n est\u00e1 transformando la planificaci\u00f3n agr\u00edcola. Los arquitectos y agricultores ahora pueden trabajar juntos, utilizando modelos digitales para visualizar el impacto de diferentes t\u00e9cnicas agr\u00edcolas en sus tierras. Esto no solo mejora la eficiencia, sino que tambi\u00e9n ayuda a minimizar el riesgo asociado con la agricultura.<\/p>\n<p>Otro aspecto destacado de la arquitectura digital es el dise\u00f1o de invernaderos inteligentes. Estos invernaderos utilizan tecnolog\u00eda avanzada para regular autom\u00e1ticamente las condiciones internas, creando un entorno \u00f3ptimo para el crecimiento de las plantas. Esto incluye la gesti\u00f3n del clima, el riego y la iluminaci\u00f3n, todos controlados a trav\u00e9s de plataformas digitales que permiten el monitoreo y ajuste remoto.<\/p>\n<p>La combinaci\u00f3n de estas innovaciones no solo est\u00e1 aumentando la producci\u00f3n agr\u00edcola, sino que tambi\u00e9n promueve pr\u00e1cticas m\u00e1s sostenibles. Por ejemplo, el uso consciente de recursos h\u00eddricos y energ\u00e9ticos es crucial en un mundo donde el cambio clim\u00e1tico es una preocupaci\u00f3n creciente. Los sistemas de agricultura de precisi\u00f3n, que son posibles gracias a la arquitectura digital, est\u00e1n ayudando a los agricultores a cultivar de manera m\u00e1s responsable y eficiente.<\/p>\n<p>Sin embargo, la transici\u00f3n hacia la arquitectura digital en el sector agr\u00edcola no est\u00e1 exenta de desaf\u00edos. La adopci\u00f3n de nuevas tecnolog\u00edas requiere inversi\u00f3n y capacitaci\u00f3n. Muchos agricultores, especialmente en regiones m\u00e1s rurales, pueden enfrentar dificultades en el acceso a estas herramientas. Es esencial que se desarrollen estrategias para educar y apoyar a estos agricultores en la transici\u00f3n hacia la agricultura digital.<\/p>\n<p>En conclusi\u00f3n, la arquitectura digital est\u00e1 desempe\u00f1ando un papel crucial en la transformaci\u00f3n del sector agr\u00edcola. Desde el uso de drones y sensores hasta el dise\u00f1o de invernaderos inteligentes, estas innovaciones est\u00e1n definiendo el futuro de la agricultura. Al final, el objetivo es lograr una agricultura m\u00e1s productiva, sostenible y conectada con las necesidades del planeta.<\/p>\n<p>Para quienes deseen explorar m\u00e1s sobre estas innovaciones y su impacto en el sector agr\u00edcola, pueden ponerse en contacto con el Arq. Arturo Garc\u00eda Castellanos al correo contacto@arga.com.mx o al tel\u00e9fono 55 2887 8750.<\/p>\n","protected":false},"excerpt":{"rendered":"<p>La arquitectura digital ha revolucionado el sector agr\u00edcola, ofreciendo soluciones innovadoras que permiten aumentar la productividad y sostenibilidad. En este art\u00edculo, exploraremos c\u00f3mo la integraci\u00f3n de tecnolog\u00edas digitales en la arquitectura agr\u00edcola est\u00e1 cambiado la manera en que los agricultores trabajan. Uno de los avances m\u00e1s significativos es el uso de drones y sensores que&#8230;<\/p>\n","protected":false},"author":1,"featured_media":257,"comment_status":"open","ping_status":"open","sticky":false,"template":"","format":"standard","meta":{"nf_dc_page":"","om_disable_all_campaigns":false,"_jetpack_memberships_contains_paid_content":false,"footnotes":""},"categories":[1],"tags":[],"class_list":["post-258","post","type-post","status-publish","format-standard","has-post-thumbnail","hentry","category-arquitecto"],"yoast_head":"<!-- This site is optimized with the Yoast SEO plugin v27.5 - https:\/\/yoast.com\/product\/yoast-seo-wordpress\/ -->\n<title>Transformaci\u00f3n Agr\u00edcola a Trav\u00e9s de la Arquitectura Digital - Arquitectura Gaceta<\/title>\n<meta name=\"description\" content=\"Transformaci\u00f3n Agr\u00edcola a Trav\u00e9s de la Arquitectura Digital Arquitectura Gaceta\" \/>\n<meta name=\"robots\" content=\"index, follow, max-snippet:-1, max-image-preview:large, max-video-preview:-1\" \/>\n<link rel=\"canonical\" href=\"https:\/\/arga.com.mx\/blog\/2024\/09\/30\/transformacion-agricola-a-traves-de-la-arquitectura-digital\/\" \/>\n<meta property=\"og:locale\" content=\"es_MX\" \/>\n<meta property=\"og:type\" content=\"article\" \/>\n<meta property=\"og:title\" content=\"Transformaci\u00f3n Agr\u00edcola a Trav\u00e9s de la Arquitectura Digital - Arquitectura Gaceta\" \/>\n<meta property=\"og:description\" content=\"Transformaci\u00f3n Agr\u00edcola a Trav\u00e9s de la Arquitectura Digital Arquitectura Gaceta\" \/>\n<meta property=\"og:url\" content=\"https:\/\/arga.com.mx\/blog\/2024\/09\/30\/transformacion-agricola-a-traves-de-la-arquitectura-digital\/\" \/>\n<meta property=\"og:site_name\" content=\"Arquitectura Gaceta\" \/>\n<meta property=\"article:publisher\" content=\"https:\/\/www.facebook.com\/ARGAArchitecture\" \/>\n<meta property=\"article:published_time\" content=\"2024-09-30T22:07:26+00:00\" \/>\n<meta name=\"author\" content=\"admin\" \/>\n<meta name=\"twitter:card\" content=\"summary_large_image\" \/>\n<meta name=\"twitter:label1\" content=\"Escrito por\" \/>\n\t<meta name=\"twitter:data1\" content=\"admin\" \/>\n\t<meta name=\"twitter:label2\" content=\"Tiempo de lectura\" \/>\n\t<meta name=\"twitter:data2\" content=\"3 minutos\" \/>\n<script type=\"application\/ld+json\" class=\"yoast-schema-graph\">{\"@context\":\"https:\\\/\\\/schema.org\",\"@graph\":[{\"@type\":\"Article\",\"@id\":\"https:\\\/\\\/arga.com.mx\\\/blog\\\/2024\\\/09\\\/30\\\/transformacion-agricola-a-traves-de-la-arquitectura-digital\\\/#article\",\"isPartOf\":{\"@id\":\"https:\\\/\\\/arga.com.mx\\\/blog\\\/2024\\\/09\\\/30\\\/transformacion-agricola-a-traves-de-la-arquitectura-digital\\\/\"},\"author\":{\"name\":\"admin\",\"@id\":\"https:\\\/\\\/arga.com.mx\\\/blog\\\/#\\\/schema\\\/person\\\/f175f8d81f44be7ec3020f1a3a9b7e23\"},\"headline\":\"Transformaci\u00f3n Agr\u00edcola a Trav\u00e9s de la Arquitectura Digital\",\"datePublished\":\"2024-09-30T22:07:26+00:00\",\"mainEntityOfPage\":{\"@id\":\"https:\\\/\\\/arga.com.mx\\\/blog\\\/2024\\\/09\\\/30\\\/transformacion-agricola-a-traves-de-la-arquitectura-digital\\\/\"},\"wordCount\":514,\"commentCount\":0,\"publisher\":{\"@id\":\"https:\\\/\\\/arga.com.mx\\\/blog\\\/#organization\"},\"image\":{\"@id\":\"https:\\\/\\\/arga.com.mx\\\/blog\\\/2024\\\/09\\\/30\\\/transformacion-agricola-a-traves-de-la-arquitectura-digital\\\/#primaryimage\"},\"thumbnailUrl\":\"https:\\\/\\\/i0.wp.com\\\/arga.com.mx\\\/blog\\\/wp-content\\\/uploads\\\/2024\\\/09\\\/imagen-110.png?fit=1024%2C1024&ssl=1\",\"articleSection\":[\"Arquitecto\"],\"inLanguage\":\"es\",\"potentialAction\":[{\"@type\":\"CommentAction\",\"name\":\"Comment\",\"target\":[\"https:\\\/\\\/arga.com.mx\\\/blog\\\/2024\\\/09\\\/30\\\/transformacion-agricola-a-traves-de-la-arquitectura-digital\\\/#respond\"]}]},{\"@type\":\"WebPage\",\"@id\":\"https:\\\/\\\/arga.com.mx\\\/blog\\\/2024\\\/09\\\/30\\\/transformacion-agricola-a-traves-de-la-arquitectura-digital\\\/\",\"url\":\"https:\\\/\\\/arga.com.mx\\\/blog\\\/2024\\\/09\\\/30\\\/transformacion-agricola-a-traves-de-la-arquitectura-digital\\\/\",\"name\":\"Transformaci\u00f3n Agr\u00edcola a Trav\u00e9s de la Arquitectura Digital - Arquitectura Gaceta\",\"isPartOf\":{\"@id\":\"https:\\\/\\\/arga.com.mx\\\/blog\\\/#website\"},\"primaryImageOfPage\":{\"@id\":\"https:\\\/\\\/arga.com.mx\\\/blog\\\/2024\\\/09\\\/30\\\/transformacion-agricola-a-traves-de-la-arquitectura-digital\\\/#primaryimage\"},\"image\":{\"@id\":\"https:\\\/\\\/arga.com.mx\\\/blog\\\/2024\\\/09\\\/30\\\/transformacion-agricola-a-traves-de-la-arquitectura-digital\\\/#primaryimage\"},\"thumbnailUrl\":\"https:\\\/\\\/i0.wp.com\\\/arga.com.mx\\\/blog\\\/wp-content\\\/uploads\\\/2024\\\/09\\\/imagen-110.png?fit=1024%2C1024&ssl=1\",\"datePublished\":\"2024-09-30T22:07:26+00:00\",\"description\":\"Transformaci\u00f3n Agr\u00edcola a Trav\u00e9s de la Arquitectura Digital Arquitectura Gaceta\",\"breadcrumb\":{\"@id\":\"https:\\\/\\\/arga.com.mx\\\/blog\\\/2024\\\/09\\\/30\\\/transformacion-agricola-a-traves-de-la-arquitectura-digital\\\/#breadcrumb\"},\"inLanguage\":\"es\",\"potentialAction\":[{\"@type\":\"ReadAction\",\"target\":[\"https:\\\/\\\/arga.com.mx\\\/blog\\\/2024\\\/09\\\/30\\\/transformacion-agricola-a-traves-de-la-arquitectura-digital\\\/\"]}]},{\"@type\":\"ImageObject\",\"inLanguage\":\"es\",\"@id\":\"https:\\\/\\\/arga.com.mx\\\/blog\\\/2024\\\/09\\\/30\\\/transformacion-agricola-a-traves-de-la-arquitectura-digital\\\/#primaryimage\",\"url\":\"https:\\\/\\\/i0.wp.com\\\/arga.com.mx\\\/blog\\\/wp-content\\\/uploads\\\/2024\\\/09\\\/imagen-110.png?fit=1024%2C1024&ssl=1\",\"contentUrl\":\"https:\\\/\\\/i0.wp.com\\\/arga.com.mx\\\/blog\\\/wp-content\\\/uploads\\\/2024\\\/09\\\/imagen-110.png?fit=1024%2C1024&ssl=1\",\"width\":1024,\"height\":1024},{\"@type\":\"BreadcrumbList\",\"@id\":\"https:\\\/\\\/arga.com.mx\\\/blog\\\/2024\\\/09\\\/30\\\/transformacion-agricola-a-traves-de-la-arquitectura-digital\\\/#breadcrumb\",\"itemListElement\":[{\"@type\":\"ListItem\",\"position\":1,\"name\":\"Home\",\"item\":\"https:\\\/\\\/arga.com.mx\\\/blog\\\/\"},{\"@type\":\"ListItem\",\"position\":2,\"name\":\"Transformaci\u00f3n Agr\u00edcola a Trav\u00e9s de la Arquitectura Digital\"}]},{\"@type\":\"WebSite\",\"@id\":\"https:\\\/\\\/arga.com.mx\\\/blog\\\/#website\",\"url\":\"https:\\\/\\\/arga.com.mx\\\/blog\\\/\",\"name\":\"Arquitecto en M\u00e9xico cdmx\",\"description\":\"El blog del Arquitecto en M\u00e9xico por Arturo Garcia\",\"publisher\":{\"@id\":\"https:\\\/\\\/arga.com.mx\\\/blog\\\/#organization\"},\"potentialAction\":[{\"@type\":\"SearchAction\",\"target\":{\"@type\":\"EntryPoint\",\"urlTemplate\":\"https:\\\/\\\/arga.com.mx\\\/blog\\\/?s={search_term_string}\"},\"query-input\":{\"@type\":\"PropertyValueSpecification\",\"valueRequired\":true,\"valueName\":\"search_term_string\"}}],\"inLanguage\":\"es\"},{\"@type\":\"Organization\",\"@id\":\"https:\\\/\\\/arga.com.mx\\\/blog\\\/#organization\",\"name\":\"Arquitecto en M\u00e9xico cdmx\",\"url\":\"https:\\\/\\\/arga.com.mx\\\/blog\\\/\",\"logo\":{\"@type\":\"ImageObject\",\"inLanguage\":\"es\",\"@id\":\"https:\\\/\\\/arga.com.mx\\\/blog\\\/#\\\/schema\\\/logo\\\/image\\\/\",\"url\":\"https:\\\/\\\/i0.wp.com\\\/arga.com.mx\\\/blog\\\/wp-content\\\/uploads\\\/2024\\\/09\\\/banner-blog-1-1.png?fit=1123%2C342&ssl=1\",\"contentUrl\":\"https:\\\/\\\/i0.wp.com\\\/arga.com.mx\\\/blog\\\/wp-content\\\/uploads\\\/2024\\\/09\\\/banner-blog-1-1.png?fit=1123%2C342&ssl=1\",\"width\":1123,\"height\":342,\"caption\":\"Arquitecto en M\u00e9xico cdmx\"},\"image\":{\"@id\":\"https:\\\/\\\/arga.com.mx\\\/blog\\\/#\\\/schema\\\/logo\\\/image\\\/\"},\"sameAs\":[\"https:\\\/\\\/www.facebook.com\\\/ARGAArchitecture\"]},{\"@type\":\"Person\",\"@id\":\"https:\\\/\\\/arga.com.mx\\\/blog\\\/#\\\/schema\\\/person\\\/f175f8d81f44be7ec3020f1a3a9b7e23\",\"name\":\"admin\",\"image\":{\"@type\":\"ImageObject\",\"inLanguage\":\"es\",\"@id\":\"https:\\\/\\\/secure.gravatar.com\\\/avatar\\\/b3e3e019b326b4209d932274e7c6a1ad517fe99e9562c2fdf8de71f456a3ab84?s=96&d=mm&r=g\",\"url\":\"https:\\\/\\\/secure.gravatar.com\\\/avatar\\\/b3e3e019b326b4209d932274e7c6a1ad517fe99e9562c2fdf8de71f456a3ab84?s=96&d=mm&r=g\",\"contentUrl\":\"https:\\\/\\\/secure.gravatar.com\\\/avatar\\\/b3e3e019b326b4209d932274e7c6a1ad517fe99e9562c2fdf8de71f456a3ab84?s=96&d=mm&r=g\",\"caption\":\"admin\"},\"sameAs\":[\"https:\\\/\\\/arga.com.mx\\\/blog\"],\"url\":\"https:\\\/\\\/arga.com.mx\\\/blog\\\/author\\\/admin\\\/\"}]}<\/script>\n<!-- \/ Yoast SEO plugin. -->","yoast_head_json":{"title":"Transformaci\u00f3n Agr\u00edcola a Trav\u00e9s de la Arquitectura Digital - Arquitectura Gaceta","description":"Transformaci\u00f3n Agr\u00edcola a Trav\u00e9s de la Arquitectura Digital Arquitectura Gaceta","robots":{"index":"index","follow":"follow","max-snippet":"max-snippet:-1","max-image-preview":"max-image-preview:large","max-video-preview":"max-video-preview:-1"},"canonical":"https:\/\/arga.com.mx\/blog\/2024\/09\/30\/transformacion-agricola-a-traves-de-la-arquitectura-digital\/","og_locale":"es_MX","og_type":"article","og_title":"Transformaci\u00f3n Agr\u00edcola a Trav\u00e9s de la Arquitectura Digital - Arquitectura Gaceta","og_description":"Transformaci\u00f3n Agr\u00edcola a Trav\u00e9s de la Arquitectura Digital Arquitectura Gaceta","og_url":"https:\/\/arga.com.mx\/blog\/2024\/09\/30\/transformacion-agricola-a-traves-de-la-arquitectura-digital\/","og_site_name":"Arquitectura Gaceta","article_publisher":"https:\/\/www.facebook.com\/ARGAArchitecture","article_published_time":"2024-09-30T22:07:26+00:00","author":"admin","twitter_card":"summary_large_image","twitter_misc":{"Escrito por":"admin","Tiempo de lectura":"3 minutos"},"schema":{"@context":"https:\/\/schema.org","@graph":[{"@type":"Article","@id":"https:\/\/arga.com.mx\/blog\/2024\/09\/30\/transformacion-agricola-a-traves-de-la-arquitectura-digital\/#article","isPartOf":{"@id":"https:\/\/arga.com.mx\/blog\/2024\/09\/30\/transformacion-agricola-a-traves-de-la-arquitectura-digital\/"},"author":{"name":"admin","@id":"https:\/\/arga.com.mx\/blog\/#\/schema\/person\/f175f8d81f44be7ec3020f1a3a9b7e23"},"headline":"Transformaci\u00f3n Agr\u00edcola a Trav\u00e9s de la Arquitectura Digital","datePublished":"2024-09-30T22:07:26+00:00","mainEntityOfPage":{"@id":"https:\/\/arga.com.mx\/blog\/2024\/09\/30\/transformacion-agricola-a-traves-de-la-arquitectura-digital\/"},"wordCount":514,"commentCount":0,"publisher":{"@id":"https:\/\/arga.com.mx\/blog\/#organization"},"image":{"@id":"https:\/\/arga.com.mx\/blog\/2024\/09\/30\/transformacion-agricola-a-traves-de-la-arquitectura-digital\/#primaryimage"},"thumbnailUrl":"https:\/\/i0.wp.com\/arga.com.mx\/blog\/wp-content\/uploads\/2024\/09\/imagen-110.png?fit=1024%2C1024&ssl=1","articleSection":["Arquitecto"],"inLanguage":"es","potentialAction":[{"@type":"CommentAction","name":"Comment","target":["https:\/\/arga.com.mx\/blog\/2024\/09\/30\/transformacion-agricola-a-traves-de-la-arquitectura-digital\/#respond"]}]},{"@type":"WebPage","@id":"https:\/\/arga.com.mx\/blog\/2024\/09\/30\/transformacion-agricola-a-traves-de-la-arquitectura-digital\/","url":"https:\/\/arga.com.mx\/blog\/2024\/09\/30\/transformacion-agricola-a-traves-de-la-arquitectura-digital\/","name":"Transformaci\u00f3n Agr\u00edcola a Trav\u00e9s de la Arquitectura Digital - Arquitectura Gaceta","isPartOf":{"@id":"https:\/\/arga.com.mx\/blog\/#website"},"primaryImageOfPage":{"@id":"https:\/\/arga.com.mx\/blog\/2024\/09\/30\/transformacion-agricola-a-traves-de-la-arquitectura-digital\/#primaryimage"},"image":{"@id":"https:\/\/arga.com.mx\/blog\/2024\/09\/30\/transformacion-agricola-a-traves-de-la-arquitectura-digital\/#primaryimage"},"thumbnailUrl":"https:\/\/i0.wp.com\/arga.com.mx\/blog\/wp-content\/uploads\/2024\/09\/imagen-110.png?fit=1024%2C1024&ssl=1","datePublished":"2024-09-30T22:07:26+00:00","description":"Transformaci\u00f3n Agr\u00edcola a Trav\u00e9s de la Arquitectura Digital Arquitectura Gaceta","breadcrumb":{"@id":"https:\/\/arga.com.mx\/blog\/2024\/09\/30\/transformacion-agricola-a-traves-de-la-arquitectura-digital\/#breadcrumb"},"inLanguage":"es","potentialAction":[{"@type":"ReadAction","target":["https:\/\/arga.com.mx\/blog\/2024\/09\/30\/transformacion-agricola-a-traves-de-la-arquitectura-digital\/"]}]},{"@type":"ImageObject","inLanguage":"es","@id":"https:\/\/arga.com.mx\/blog\/2024\/09\/30\/transformacion-agricola-a-traves-de-la-arquitectura-digital\/#primaryimage","url":"https:\/\/i0.wp.com\/arga.com.mx\/blog\/wp-content\/uploads\/2024\/09\/imagen-110.png?fit=1024%2C1024&ssl=1","contentUrl":"https:\/\/i0.wp.com\/arga.com.mx\/blog\/wp-content\/uploads\/2024\/09\/imagen-110.png?fit=1024%2C1024&ssl=1","width":1024,"height":1024},{"@type":"BreadcrumbList","@id":"https:\/\/arga.com.mx\/blog\/2024\/09\/30\/transformacion-agricola-a-traves-de-la-arquitectura-digital\/#breadcrumb","itemListElement":[{"@type":"ListItem","position":1,"name":"Home","item":"https:\/\/arga.com.mx\/blog\/"},{"@type":"ListItem","position":2,"name":"Transformaci\u00f3n Agr\u00edcola a Trav\u00e9s de la Arquitectura Digital"}]},{"@type":"WebSite","@id":"https:\/\/arga.com.mx\/blog\/#website","url":"https:\/\/arga.com.mx\/blog\/","name":"Arquitecto en M\u00e9xico cdmx","description":"El blog del Arquitecto en M\u00e9xico por Arturo Garcia","publisher":{"@id":"https:\/\/arga.com.mx\/blog\/#organization"},"potentialAction":[{"@type":"SearchAction","target":{"@type":"EntryPoint","urlTemplate":"https:\/\/arga.com.mx\/blog\/?s={search_term_string}"},"query-input":{"@type":"PropertyValueSpecification","valueRequired":true,"valueName":"search_term_string"}}],"inLanguage":"es"},{"@type":"Organization","@id":"https:\/\/arga.com.mx\/blog\/#organization","name":"Arquitecto en M\u00e9xico cdmx","url":"https:\/\/arga.com.mx\/blog\/","logo":{"@type":"ImageObject","inLanguage":"es","@id":"https:\/\/arga.com.mx\/blog\/#\/schema\/logo\/image\/","url":"https:\/\/i0.wp.com\/arga.com.mx\/blog\/wp-content\/uploads\/2024\/09\/banner-blog-1-1.png?fit=1123%2C342&ssl=1","contentUrl":"https:\/\/i0.wp.com\/arga.com.mx\/blog\/wp-content\/uploads\/2024\/09\/banner-blog-1-1.png?fit=1123%2C342&ssl=1","width":1123,"height":342,"caption":"Arquitecto en M\u00e9xico cdmx"},"image":{"@id":"https:\/\/arga.com.mx\/blog\/#\/schema\/logo\/image\/"},"sameAs":["https:\/\/www.facebook.com\/ARGAArchitecture"]},{"@type":"Person","@id":"https:\/\/arga.com.mx\/blog\/#\/schema\/person\/f175f8d81f44be7ec3020f1a3a9b7e23","name":"admin","image":{"@type":"ImageObject","inLanguage":"es","@id":"https:\/\/secure.gravatar.com\/avatar\/b3e3e019b326b4209d932274e7c6a1ad517fe99e9562c2fdf8de71f456a3ab84?s=96&d=mm&r=g","url":"https:\/\/secure.gravatar.com\/avatar\/b3e3e019b326b4209d932274e7c6a1ad517fe99e9562c2fdf8de71f456a3ab84?s=96&d=mm&r=g","contentUrl":"https:\/\/secure.gravatar.com\/avatar\/b3e3e019b326b4209d932274e7c6a1ad517fe99e9562c2fdf8de71f456a3ab84?s=96&d=mm&r=g","caption":"admin"},"sameAs":["https:\/\/arga.com.mx\/blog"],"url":"https:\/\/arga.com.mx\/blog\/author\/admin\/"}]}},"jetpack_featured_media_url":"https:\/\/i0.wp.com\/arga.com.mx\/blog\/wp-content\/uploads\/2024\/09\/imagen-110.png?fit=1024%2C1024&ssl=1","jetpack_sharing_enabled":true,"_links":{"self":[{"href":"https:\/\/arga.com.mx\/blog\/wp-json\/wp\/v2\/posts\/258","targetHints":{"allow":["GET"]}}],"collection":[{"href":"https:\/\/arga.com.mx\/blog\/wp-json\/wp\/v2\/posts"}],"about":[{"href":"https:\/\/arga.com.mx\/blog\/wp-json\/wp\/v2\/types\/post"}],"author":[{"embeddable":true,"href":"https:\/\/arga.com.mx\/blog\/wp-json\/wp\/v2\/users\/1"}],"replies":[{"embeddable":true,"href":"https:\/\/arga.com.mx\/blog\/wp-json\/wp\/v2\/comments?post=258"}],"version-history":[{"count":0,"href":"https:\/\/arga.com.mx\/blog\/wp-json\/wp\/v2\/posts\/258\/revisions"}],"wp:featuredmedia":[{"embeddable":true,"href":"https:\/\/arga.com.mx\/blog\/wp-json\/wp\/v2\/media\/257"}],"wp:attachment":[{"href":"https:\/\/arga.com.mx\/blog\/wp-json\/wp\/v2\/media?parent=258"}],"wp:term":[{"taxonomy":"category","embeddable":true,"href":"https:\/\/arga.com.mx\/blog\/wp-json\/wp\/v2\/categories?post=258"},{"taxonomy":"post_tag","embeddable":true,"href":"https:\/\/arga.com.mx\/blog\/wp-json\/wp\/v2\/tags?post=258"}],"curies":[{"name":"wp","href":"https:\/\/api.w.org\/{rel}","templated":true}]}}