{"id":250,"date":"2024-09-30T16:05:07","date_gmt":"2024-09-30T22:05:07","guid":{"rendered":"https:\/\/arga.com.mx\/blog\/2024\/09\/30\/impacto-de-la-economia-colaborativa-en-la-arquitectura-digital\/"},"modified":"2024-09-30T16:05:07","modified_gmt":"2024-09-30T22:05:07","slug":"impacto-de-la-economia-colaborativa-en-la-arquitectura-digital","status":"publish","type":"post","link":"https:\/\/arga.com.mx\/blog\/2024\/09\/30\/impacto-de-la-economia-colaborativa-en-la-arquitectura-digital\/","title":{"rendered":"Impacto de la Econom\u00eda Colaborativa en la Arquitectura Digital"},"content":{"rendered":"<p>La econom\u00eda colaborativa ha transformado m\u00faltiples sectores, siendo la arquitectura digital uno de los m\u00e1s impactados. En un mundo donde la tecnolog\u00eda y la innovaci\u00f3n se entrelazan, la arquitectura digital ha comenzado a integrar principios de colaboraci\u00f3n que favorecen tanto a los arquitectos como a los consumidores. <\/p>\n<p>En la \u00faltima d\u00e9cada, hemos visto c\u00f3mo plataformas digitales permiten que los arquitectos se conecten directamente con los usuarios. Esta democratizaci\u00f3n del dise\u00f1o arquitect\u00f3nico ha hecho que los procesos sean m\u00e1s transparentes y accesibles. Ya no se trata solo de grandes firmas dise\u00f1ando propiedades exclusivas, sino de una comunidad de arquitectos emergentes que, a trav\u00e9s de plataformas en l\u00ednea, pueden presentar sus proyectos a un p\u00fablico m\u00e1s amplio. <\/p>\n<p>Las tecnolog\u00edas de modelado 3D y la realidad aumentada han facilitado esta transici\u00f3n. Ahora, los arquitectos pueden demostrar sus dise\u00f1os en entornos virtuales, permitiendo a los clientes visualizar sus proyectos incluso antes de que se inicie la construcci\u00f3n. Esto no solo mejora la calidad del producto final, sino que tambi\u00e9n reduce costos y tiempos de entrega, creando un ambiente propicio para la colaboraci\u00f3n. <\/p>\n<p>Asimismo, la econom\u00eda colaborativa propone un cambio en la manera en la que compartimos el espacio. Proyectos como el coworking y la vivienda compartida est\u00e1n en auge, lo que significa que los arquitectos deben pensar en dise\u00f1o desde una perspectiva colectiva. Es fundamental considerar no solo las necesidades del individuo, sino tambi\u00e9n c\u00f3mo las estructuras arquitect\u00f3nicas pueden enriquecer la vida en comunidad.<br \/>\nLos arquitectos ahora est\u00e1n llamados a dise\u00f1ar espacios que fomenten la colaboraci\u00f3n, el intercambio y el desarrollo social. Por ejemplo, se est\u00e1n creando edificios que incluyen \u00e1reas comunes, zonas de trabajo colaborativo y espacios de convivencia. <\/p>\n<p>La innovaci\u00f3n y la sostenibilidad tambi\u00e9n son piezas clave en este juego. Muchos proyectos arquitect\u00f3nicos ahora buscan no solo ser funcionales, sino tambi\u00e9n respetuosos con el medio ambiente. A medida que la conciencia sobre el cambio clim\u00e1tico crece, la arquitectura digital est\u00e1 adoptando pr\u00e1cticas m\u00e1s sostenibles, aprovechando materiales reciclados, energ\u00edas renovables y dise\u00f1os que minimizan el impacto ambiental.<\/p>\n<p>Los resultados de esta tendencia son edificantes. Ya se han visto casos de \u00e9xito donde la econom\u00eda colaborativa ha permitido que peque\u00f1os grupos de arquitectos desarrollen proyectos que anteriormente habr\u00edan sido inviables. Adem\u00e1s, estas colaboraciones tienden a ser m\u00e1s sostenibles y adaptadas a las necesidades reales de la comunidad. <\/p>\n<p>Sin embargo, no todo es un camino de rosas. Existen desaf\u00edos que acompa\u00f1an este modelo. La sobreabundancia de informaci\u00f3n y la dificultad de evaluar la calidad de proyectos presentados en l\u00ednea son preocupaciones v\u00e1lidas. Adem\u00e1s, la propiedad intelectual es un tema que necesita atenci\u00f3n, ya que muchos arquitectos est\u00e1n expuestos a la posibilidad de que sus ideas sean plagiadas.<\/p>\n<p>Es imperativo que la comunidad arquitect\u00f3nica encuentre un equilibrio. Fomentar la colaboraci\u00f3n sin sacrificar los derechos de autor y la calidad de los proyectos debe ser un objetivo com\u00fan. A medida que la econom\u00eda colaborativa evoluciona, la arquitectura digital tambi\u00e9n debe adaptarse, pero siempre con un enfoque en la \u00e9tica y la calidad.<\/p>\n<p>En conclusi\u00f3n, el impacto de la econom\u00eda colaborativa en la arquitectura digital es un fen\u00f3meno emocionante que promueve la creatividad y la inclusi\u00f3n. Al conectar a los arquitectos con el p\u00fablico y fomentar la sostenibilidad, estamos dando forma a un futuro arquitect\u00f3nico m\u00e1s colaborativo y consciente. <\/p>\n<p>Para m\u00e1s informaci\u00f3n, puedes contactar a Arq. Arturo Garc\u00eda Castellanos al correo contacto@arga.com.mx o al tel\u00e9fono 55 2887 8750.<\/p>\n","protected":false},"excerpt":{"rendered":"<p>La econom\u00eda colaborativa ha transformado m\u00faltiples sectores, siendo la arquitectura digital uno de los m\u00e1s impactados. En un mundo donde la tecnolog\u00eda y la innovaci\u00f3n se entrelazan, la arquitectura digital ha comenzado a integrar principios de colaboraci\u00f3n que favorecen tanto a los arquitectos como a los consumidores. En la \u00faltima d\u00e9cada, hemos visto c\u00f3mo plataformas&#8230;<\/p>\n","protected":false},"author":1,"featured_media":249,"comment_status":"open","ping_status":"open","sticky":false,"template":"","format":"standard","meta":{"nf_dc_page":"","om_disable_all_campaigns":false,"_jetpack_memberships_contains_paid_content":false,"footnotes":""},"categories":[1],"tags":[],"class_list":["post-250","post","type-post","status-publish","format-standard","has-post-thumbnail","hentry","category-arquitecto"],"yoast_head":"<!-- This site is optimized with the Yoast SEO plugin v27.5 - https:\/\/yoast.com\/product\/yoast-seo-wordpress\/ -->\n<title>Impacto de la Econom\u00eda Colaborativa en la Arquitectura Digital - Arquitectura Gaceta<\/title>\n<meta name=\"description\" content=\"Impacto de la Econom\u00eda Colaborativa en la Arquitectura Digital Arquitectura Gaceta\" \/>\n<meta name=\"robots\" content=\"index, follow, max-snippet:-1, max-image-preview:large, max-video-preview:-1\" \/>\n<link rel=\"canonical\" href=\"https:\/\/arga.com.mx\/blog\/2024\/09\/30\/impacto-de-la-economia-colaborativa-en-la-arquitectura-digital\/\" \/>\n<meta property=\"og:locale\" content=\"es_MX\" \/>\n<meta property=\"og:type\" content=\"article\" \/>\n<meta property=\"og:title\" content=\"Impacto de la Econom\u00eda Colaborativa en la Arquitectura Digital - Arquitectura Gaceta\" \/>\n<meta property=\"og:description\" content=\"Impacto de la Econom\u00eda Colaborativa en la Arquitectura Digital Arquitectura Gaceta\" \/>\n<meta property=\"og:url\" content=\"https:\/\/arga.com.mx\/blog\/2024\/09\/30\/impacto-de-la-economia-colaborativa-en-la-arquitectura-digital\/\" \/>\n<meta property=\"og:site_name\" content=\"Arquitectura Gaceta\" \/>\n<meta property=\"article:publisher\" content=\"https:\/\/www.facebook.com\/ARGAArchitecture\" \/>\n<meta property=\"article:published_time\" content=\"2024-09-30T22:05:07+00:00\" \/>\n<meta name=\"author\" content=\"admin\" \/>\n<meta name=\"twitter:card\" content=\"summary_large_image\" \/>\n<meta name=\"twitter:label1\" content=\"Escrito por\" \/>\n\t<meta name=\"twitter:data1\" content=\"admin\" \/>\n\t<meta name=\"twitter:label2\" content=\"Tiempo de lectura\" \/>\n\t<meta name=\"twitter:data2\" content=\"3 minutos\" \/>\n<script type=\"application\/ld+json\" class=\"yoast-schema-graph\">{\"@context\":\"https:\\\/\\\/schema.org\",\"@graph\":[{\"@type\":\"Article\",\"@id\":\"https:\\\/\\\/arga.com.mx\\\/blog\\\/2024\\\/09\\\/30\\\/impacto-de-la-economia-colaborativa-en-la-arquitectura-digital\\\/#article\",\"isPartOf\":{\"@id\":\"https:\\\/\\\/arga.com.mx\\\/blog\\\/2024\\\/09\\\/30\\\/impacto-de-la-economia-colaborativa-en-la-arquitectura-digital\\\/\"},\"author\":{\"name\":\"admin\",\"@id\":\"https:\\\/\\\/arga.com.mx\\\/blog\\\/#\\\/schema\\\/person\\\/f175f8d81f44be7ec3020f1a3a9b7e23\"},\"headline\":\"Impacto de la Econom\u00eda Colaborativa en la Arquitectura Digital\",\"datePublished\":\"2024-09-30T22:05:07+00:00\",\"mainEntityOfPage\":{\"@id\":\"https:\\\/\\\/arga.com.mx\\\/blog\\\/2024\\\/09\\\/30\\\/impacto-de-la-economia-colaborativa-en-la-arquitectura-digital\\\/\"},\"wordCount\":641,\"commentCount\":0,\"publisher\":{\"@id\":\"https:\\\/\\\/arga.com.mx\\\/blog\\\/#organization\"},\"image\":{\"@id\":\"https:\\\/\\\/arga.com.mx\\\/blog\\\/2024\\\/09\\\/30\\\/impacto-de-la-economia-colaborativa-en-la-arquitectura-digital\\\/#primaryimage\"},\"thumbnailUrl\":\"https:\\\/\\\/i0.wp.com\\\/arga.com.mx\\\/blog\\\/wp-content\\\/uploads\\\/2024\\\/09\\\/imagen-106.png?fit=1024%2C1024&ssl=1\",\"articleSection\":[\"Arquitecto\"],\"inLanguage\":\"es\",\"potentialAction\":[{\"@type\":\"CommentAction\",\"name\":\"Comment\",\"target\":[\"https:\\\/\\\/arga.com.mx\\\/blog\\\/2024\\\/09\\\/30\\\/impacto-de-la-economia-colaborativa-en-la-arquitectura-digital\\\/#respond\"]}]},{\"@type\":\"WebPage\",\"@id\":\"https:\\\/\\\/arga.com.mx\\\/blog\\\/2024\\\/09\\\/30\\\/impacto-de-la-economia-colaborativa-en-la-arquitectura-digital\\\/\",\"url\":\"https:\\\/\\\/arga.com.mx\\\/blog\\\/2024\\\/09\\\/30\\\/impacto-de-la-economia-colaborativa-en-la-arquitectura-digital\\\/\",\"name\":\"Impacto de la Econom\u00eda Colaborativa en la Arquitectura Digital - Arquitectura Gaceta\",\"isPartOf\":{\"@id\":\"https:\\\/\\\/arga.com.mx\\\/blog\\\/#website\"},\"primaryImageOfPage\":{\"@id\":\"https:\\\/\\\/arga.com.mx\\\/blog\\\/2024\\\/09\\\/30\\\/impacto-de-la-economia-colaborativa-en-la-arquitectura-digital\\\/#primaryimage\"},\"image\":{\"@id\":\"https:\\\/\\\/arga.com.mx\\\/blog\\\/2024\\\/09\\\/30\\\/impacto-de-la-economia-colaborativa-en-la-arquitectura-digital\\\/#primaryimage\"},\"thumbnailUrl\":\"https:\\\/\\\/i0.wp.com\\\/arga.com.mx\\\/blog\\\/wp-content\\\/uploads\\\/2024\\\/09\\\/imagen-106.png?fit=1024%2C1024&ssl=1\",\"datePublished\":\"2024-09-30T22:05:07+00:00\",\"description\":\"Impacto de la Econom\u00eda Colaborativa en la Arquitectura Digital Arquitectura Gaceta\",\"breadcrumb\":{\"@id\":\"https:\\\/\\\/arga.com.mx\\\/blog\\\/2024\\\/09\\\/30\\\/impacto-de-la-economia-colaborativa-en-la-arquitectura-digital\\\/#breadcrumb\"},\"inLanguage\":\"es\",\"potentialAction\":[{\"@type\":\"ReadAction\",\"target\":[\"https:\\\/\\\/arga.com.mx\\\/blog\\\/2024\\\/09\\\/30\\\/impacto-de-la-economia-colaborativa-en-la-arquitectura-digital\\\/\"]}]},{\"@type\":\"ImageObject\",\"inLanguage\":\"es\",\"@id\":\"https:\\\/\\\/arga.com.mx\\\/blog\\\/2024\\\/09\\\/30\\\/impacto-de-la-economia-colaborativa-en-la-arquitectura-digital\\\/#primaryimage\",\"url\":\"https:\\\/\\\/i0.wp.com\\\/arga.com.mx\\\/blog\\\/wp-content\\\/uploads\\\/2024\\\/09\\\/imagen-106.png?fit=1024%2C1024&ssl=1\",\"contentUrl\":\"https:\\\/\\\/i0.wp.com\\\/arga.com.mx\\\/blog\\\/wp-content\\\/uploads\\\/2024\\\/09\\\/imagen-106.png?fit=1024%2C1024&ssl=1\",\"width\":1024,\"height\":1024},{\"@type\":\"BreadcrumbList\",\"@id\":\"https:\\\/\\\/arga.com.mx\\\/blog\\\/2024\\\/09\\\/30\\\/impacto-de-la-economia-colaborativa-en-la-arquitectura-digital\\\/#breadcrumb\",\"itemListElement\":[{\"@type\":\"ListItem\",\"position\":1,\"name\":\"Home\",\"item\":\"https:\\\/\\\/arga.com.mx\\\/blog\\\/\"},{\"@type\":\"ListItem\",\"position\":2,\"name\":\"Impacto de la Econom\u00eda Colaborativa en la Arquitectura Digital\"}]},{\"@type\":\"WebSite\",\"@id\":\"https:\\\/\\\/arga.com.mx\\\/blog\\\/#website\",\"url\":\"https:\\\/\\\/arga.com.mx\\\/blog\\\/\",\"name\":\"Arquitecto en M\u00e9xico cdmx\",\"description\":\"El blog del Arquitecto en M\u00e9xico por Arturo Garcia\",\"publisher\":{\"@id\":\"https:\\\/\\\/arga.com.mx\\\/blog\\\/#organization\"},\"potentialAction\":[{\"@type\":\"SearchAction\",\"target\":{\"@type\":\"EntryPoint\",\"urlTemplate\":\"https:\\\/\\\/arga.com.mx\\\/blog\\\/?s={search_term_string}\"},\"query-input\":{\"@type\":\"PropertyValueSpecification\",\"valueRequired\":true,\"valueName\":\"search_term_string\"}}],\"inLanguage\":\"es\"},{\"@type\":\"Organization\",\"@id\":\"https:\\\/\\\/arga.com.mx\\\/blog\\\/#organization\",\"name\":\"Arquitecto en M\u00e9xico cdmx\",\"url\":\"https:\\\/\\\/arga.com.mx\\\/blog\\\/\",\"logo\":{\"@type\":\"ImageObject\",\"inLanguage\":\"es\",\"@id\":\"https:\\\/\\\/arga.com.mx\\\/blog\\\/#\\\/schema\\\/logo\\\/image\\\/\",\"url\":\"https:\\\/\\\/i0.wp.com\\\/arga.com.mx\\\/blog\\\/wp-content\\\/uploads\\\/2024\\\/09\\\/banner-blog-1-1.png?fit=1123%2C342&ssl=1\",\"contentUrl\":\"https:\\\/\\\/i0.wp.com\\\/arga.com.mx\\\/blog\\\/wp-content\\\/uploads\\\/2024\\\/09\\\/banner-blog-1-1.png?fit=1123%2C342&ssl=1\",\"width\":1123,\"height\":342,\"caption\":\"Arquitecto en M\u00e9xico cdmx\"},\"image\":{\"@id\":\"https:\\\/\\\/arga.com.mx\\\/blog\\\/#\\\/schema\\\/logo\\\/image\\\/\"},\"sameAs\":[\"https:\\\/\\\/www.facebook.com\\\/ARGAArchitecture\"]},{\"@type\":\"Person\",\"@id\":\"https:\\\/\\\/arga.com.mx\\\/blog\\\/#\\\/schema\\\/person\\\/f175f8d81f44be7ec3020f1a3a9b7e23\",\"name\":\"admin\",\"image\":{\"@type\":\"ImageObject\",\"inLanguage\":\"es\",\"@id\":\"https:\\\/\\\/secure.gravatar.com\\\/avatar\\\/b3e3e019b326b4209d932274e7c6a1ad517fe99e9562c2fdf8de71f456a3ab84?s=96&d=mm&r=g\",\"url\":\"https:\\\/\\\/secure.gravatar.com\\\/avatar\\\/b3e3e019b326b4209d932274e7c6a1ad517fe99e9562c2fdf8de71f456a3ab84?s=96&d=mm&r=g\",\"contentUrl\":\"https:\\\/\\\/secure.gravatar.com\\\/avatar\\\/b3e3e019b326b4209d932274e7c6a1ad517fe99e9562c2fdf8de71f456a3ab84?s=96&d=mm&r=g\",\"caption\":\"admin\"},\"sameAs\":[\"https:\\\/\\\/arga.com.mx\\\/blog\"],\"url\":\"https:\\\/\\\/arga.com.mx\\\/blog\\\/author\\\/admin\\\/\"}]}<\/script>\n<!-- \/ Yoast SEO plugin. -->","yoast_head_json":{"title":"Impacto de la Econom\u00eda Colaborativa en la Arquitectura Digital - Arquitectura Gaceta","description":"Impacto de la Econom\u00eda Colaborativa en la Arquitectura Digital Arquitectura Gaceta","robots":{"index":"index","follow":"follow","max-snippet":"max-snippet:-1","max-image-preview":"max-image-preview:large","max-video-preview":"max-video-preview:-1"},"canonical":"https:\/\/arga.com.mx\/blog\/2024\/09\/30\/impacto-de-la-economia-colaborativa-en-la-arquitectura-digital\/","og_locale":"es_MX","og_type":"article","og_title":"Impacto de la Econom\u00eda Colaborativa en la Arquitectura Digital - Arquitectura Gaceta","og_description":"Impacto de la Econom\u00eda Colaborativa en la Arquitectura Digital Arquitectura Gaceta","og_url":"https:\/\/arga.com.mx\/blog\/2024\/09\/30\/impacto-de-la-economia-colaborativa-en-la-arquitectura-digital\/","og_site_name":"Arquitectura Gaceta","article_publisher":"https:\/\/www.facebook.com\/ARGAArchitecture","article_published_time":"2024-09-30T22:05:07+00:00","author":"admin","twitter_card":"summary_large_image","twitter_misc":{"Escrito por":"admin","Tiempo de lectura":"3 minutos"},"schema":{"@context":"https:\/\/schema.org","@graph":[{"@type":"Article","@id":"https:\/\/arga.com.mx\/blog\/2024\/09\/30\/impacto-de-la-economia-colaborativa-en-la-arquitectura-digital\/#article","isPartOf":{"@id":"https:\/\/arga.com.mx\/blog\/2024\/09\/30\/impacto-de-la-economia-colaborativa-en-la-arquitectura-digital\/"},"author":{"name":"admin","@id":"https:\/\/arga.com.mx\/blog\/#\/schema\/person\/f175f8d81f44be7ec3020f1a3a9b7e23"},"headline":"Impacto de la Econom\u00eda Colaborativa en la Arquitectura Digital","datePublished":"2024-09-30T22:05:07+00:00","mainEntityOfPage":{"@id":"https:\/\/arga.com.mx\/blog\/2024\/09\/30\/impacto-de-la-economia-colaborativa-en-la-arquitectura-digital\/"},"wordCount":641,"commentCount":0,"publisher":{"@id":"https:\/\/arga.com.mx\/blog\/#organization"},"image":{"@id":"https:\/\/arga.com.mx\/blog\/2024\/09\/30\/impacto-de-la-economia-colaborativa-en-la-arquitectura-digital\/#primaryimage"},"thumbnailUrl":"https:\/\/i0.wp.com\/arga.com.mx\/blog\/wp-content\/uploads\/2024\/09\/imagen-106.png?fit=1024%2C1024&ssl=1","articleSection":["Arquitecto"],"inLanguage":"es","potentialAction":[{"@type":"CommentAction","name":"Comment","target":["https:\/\/arga.com.mx\/blog\/2024\/09\/30\/impacto-de-la-economia-colaborativa-en-la-arquitectura-digital\/#respond"]}]},{"@type":"WebPage","@id":"https:\/\/arga.com.mx\/blog\/2024\/09\/30\/impacto-de-la-economia-colaborativa-en-la-arquitectura-digital\/","url":"https:\/\/arga.com.mx\/blog\/2024\/09\/30\/impacto-de-la-economia-colaborativa-en-la-arquitectura-digital\/","name":"Impacto de la Econom\u00eda Colaborativa en la Arquitectura Digital - Arquitectura Gaceta","isPartOf":{"@id":"https:\/\/arga.com.mx\/blog\/#website"},"primaryImageOfPage":{"@id":"https:\/\/arga.com.mx\/blog\/2024\/09\/30\/impacto-de-la-economia-colaborativa-en-la-arquitectura-digital\/#primaryimage"},"image":{"@id":"https:\/\/arga.com.mx\/blog\/2024\/09\/30\/impacto-de-la-economia-colaborativa-en-la-arquitectura-digital\/#primaryimage"},"thumbnailUrl":"https:\/\/i0.wp.com\/arga.com.mx\/blog\/wp-content\/uploads\/2024\/09\/imagen-106.png?fit=1024%2C1024&ssl=1","datePublished":"2024-09-30T22:05:07+00:00","description":"Impacto de la Econom\u00eda Colaborativa en la Arquitectura Digital Arquitectura Gaceta","breadcrumb":{"@id":"https:\/\/arga.com.mx\/blog\/2024\/09\/30\/impacto-de-la-economia-colaborativa-en-la-arquitectura-digital\/#breadcrumb"},"inLanguage":"es","potentialAction":[{"@type":"ReadAction","target":["https:\/\/arga.com.mx\/blog\/2024\/09\/30\/impacto-de-la-economia-colaborativa-en-la-arquitectura-digital\/"]}]},{"@type":"ImageObject","inLanguage":"es","@id":"https:\/\/arga.com.mx\/blog\/2024\/09\/30\/impacto-de-la-economia-colaborativa-en-la-arquitectura-digital\/#primaryimage","url":"https:\/\/i0.wp.com\/arga.com.mx\/blog\/wp-content\/uploads\/2024\/09\/imagen-106.png?fit=1024%2C1024&ssl=1","contentUrl":"https:\/\/i0.wp.com\/arga.com.mx\/blog\/wp-content\/uploads\/2024\/09\/imagen-106.png?fit=1024%2C1024&ssl=1","width":1024,"height":1024},{"@type":"BreadcrumbList","@id":"https:\/\/arga.com.mx\/blog\/2024\/09\/30\/impacto-de-la-economia-colaborativa-en-la-arquitectura-digital\/#breadcrumb","itemListElement":[{"@type":"ListItem","position":1,"name":"Home","item":"https:\/\/arga.com.mx\/blog\/"},{"@type":"ListItem","position":2,"name":"Impacto de la Econom\u00eda Colaborativa en la Arquitectura Digital"}]},{"@type":"WebSite","@id":"https:\/\/arga.com.mx\/blog\/#website","url":"https:\/\/arga.com.mx\/blog\/","name":"Arquitecto en M\u00e9xico cdmx","description":"El blog del Arquitecto en M\u00e9xico por Arturo Garcia","publisher":{"@id":"https:\/\/arga.com.mx\/blog\/#organization"},"potentialAction":[{"@type":"SearchAction","target":{"@type":"EntryPoint","urlTemplate":"https:\/\/arga.com.mx\/blog\/?s={search_term_string}"},"query-input":{"@type":"PropertyValueSpecification","valueRequired":true,"valueName":"search_term_string"}}],"inLanguage":"es"},{"@type":"Organization","@id":"https:\/\/arga.com.mx\/blog\/#organization","name":"Arquitecto en M\u00e9xico cdmx","url":"https:\/\/arga.com.mx\/blog\/","logo":{"@type":"ImageObject","inLanguage":"es","@id":"https:\/\/arga.com.mx\/blog\/#\/schema\/logo\/image\/","url":"https:\/\/i0.wp.com\/arga.com.mx\/blog\/wp-content\/uploads\/2024\/09\/banner-blog-1-1.png?fit=1123%2C342&ssl=1","contentUrl":"https:\/\/i0.wp.com\/arga.com.mx\/blog\/wp-content\/uploads\/2024\/09\/banner-blog-1-1.png?fit=1123%2C342&ssl=1","width":1123,"height":342,"caption":"Arquitecto en M\u00e9xico cdmx"},"image":{"@id":"https:\/\/arga.com.mx\/blog\/#\/schema\/logo\/image\/"},"sameAs":["https:\/\/www.facebook.com\/ARGAArchitecture"]},{"@type":"Person","@id":"https:\/\/arga.com.mx\/blog\/#\/schema\/person\/f175f8d81f44be7ec3020f1a3a9b7e23","name":"admin","image":{"@type":"ImageObject","inLanguage":"es","@id":"https:\/\/secure.gravatar.com\/avatar\/b3e3e019b326b4209d932274e7c6a1ad517fe99e9562c2fdf8de71f456a3ab84?s=96&d=mm&r=g","url":"https:\/\/secure.gravatar.com\/avatar\/b3e3e019b326b4209d932274e7c6a1ad517fe99e9562c2fdf8de71f456a3ab84?s=96&d=mm&r=g","contentUrl":"https:\/\/secure.gravatar.com\/avatar\/b3e3e019b326b4209d932274e7c6a1ad517fe99e9562c2fdf8de71f456a3ab84?s=96&d=mm&r=g","caption":"admin"},"sameAs":["https:\/\/arga.com.mx\/blog"],"url":"https:\/\/arga.com.mx\/blog\/author\/admin\/"}]}},"jetpack_featured_media_url":"https:\/\/i0.wp.com\/arga.com.mx\/blog\/wp-content\/uploads\/2024\/09\/imagen-106.png?fit=1024%2C1024&ssl=1","jetpack_sharing_enabled":true,"_links":{"self":[{"href":"https:\/\/arga.com.mx\/blog\/wp-json\/wp\/v2\/posts\/250","targetHints":{"allow":["GET"]}}],"collection":[{"href":"https:\/\/arga.com.mx\/blog\/wp-json\/wp\/v2\/posts"}],"about":[{"href":"https:\/\/arga.com.mx\/blog\/wp-json\/wp\/v2\/types\/post"}],"author":[{"embeddable":true,"href":"https:\/\/arga.com.mx\/blog\/wp-json\/wp\/v2\/users\/1"}],"replies":[{"embeddable":true,"href":"https:\/\/arga.com.mx\/blog\/wp-json\/wp\/v2\/comments?post=250"}],"version-history":[{"count":0,"href":"https:\/\/arga.com.mx\/blog\/wp-json\/wp\/v2\/posts\/250\/revisions"}],"wp:featuredmedia":[{"embeddable":true,"href":"https:\/\/arga.com.mx\/blog\/wp-json\/wp\/v2\/media\/249"}],"wp:attachment":[{"href":"https:\/\/arga.com.mx\/blog\/wp-json\/wp\/v2\/media?parent=250"}],"wp:term":[{"taxonomy":"category","embeddable":true,"href":"https:\/\/arga.com.mx\/blog\/wp-json\/wp\/v2\/categories?post=250"},{"taxonomy":"post_tag","embeddable":true,"href":"https:\/\/arga.com.mx\/blog\/wp-json\/wp\/v2\/tags?post=250"}],"curies":[{"name":"wp","href":"https:\/\/api.w.org\/{rel}","templated":true}]}}