{"id":244,"date":"2024-09-30T16:03:31","date_gmt":"2024-09-30T22:03:31","guid":{"rendered":"https:\/\/arga.com.mx\/blog\/2024\/09\/30\/la-etica-en-tecnologia-digital-en-arquitectura\/"},"modified":"2024-09-30T16:03:31","modified_gmt":"2024-09-30T22:03:31","slug":"la-etica-en-tecnologia-digital-en-arquitectura","status":"publish","type":"post","link":"https:\/\/arga.com.mx\/blog\/2024\/09\/30\/la-etica-en-tecnologia-digital-en-arquitectura\/","title":{"rendered":"La \u00e9tica en tecnolog\u00eda digital en arquitectura"},"content":{"rendered":"<p>La arquitectura moderna depende cada vez m\u00e1s de tecnolog\u00edas digitales, y su adopci\u00f3n conlleva una serie de consideraciones \u00e9ticas. A medida que los arquitectos integran herramientas digitales en procesos de dise\u00f1o y construcci\u00f3n, es crucial que comprendan la responsabilidad que tienen y c\u00f3mo sus decisiones pueden impactar tanto a los clientes como a la sociedad en general.<\/p>\n<p>Primero, reflexionemos sobre el impacto social de las tecnolog\u00edas digitales en la arquitectura. Las herramientas como el modelado de informaci\u00f3n de construcci\u00f3n (BIM) permiten a los arquitectos crear dise\u00f1os m\u00e1s eficientes y sostenibles. Sin embargo, es fundamental saber que el acceso a estas tecnolog\u00edas no es equitativo, y las disparidades pueden llevar a un enfoque que excluya a ciertas comunidades del proceso de dise\u00f1o, lo que a su vez perpet\u00faa desigualdades existentes. Al aplicar una \u00e9tica s\u00f3lida en nuestra pr\u00e1ctica, debemos trabajar para hacer accesibles estos recursos a todos, asegurando que la diversidad de perspectivas influya en el espacio construido.<\/p>\n<p>Adem\u00e1s, la privacidad y la seguridad de los datos son otros aspectos cruciales. Muchos dise\u00f1os arquitect\u00f3nicos modernos incorporan tecnolog\u00eda que recopila y analiza datos de los usuarios. Estos datos pueden llegar a ser vulnerables si no se gestionan adecuadamente, planteando riesgos sobre la privacidad de los usuarios. Por lo tanto, los arquitectos deben establecer protocolos adecuados para el manejo de datos y comunicar de manera transparente c\u00f3mo se utilizar\u00e1n, priorizando la protecci\u00f3n de la informaci\u00f3n.<\/p>\n<p>Con la proliferaci\u00f3n de herramientas de inteligencia artificial en el dise\u00f1o arquitect\u00f3nico, la \u00e9tica se vuelve a\u00fan m\u00e1s compleja. El uso de IA puede optimizar procesos de dise\u00f1o y construcci\u00f3n, pero tambi\u00e9n puede llevar a decisiones que son sesgadas o que no alinean con los valores \u00e9ticos. Los arquitectos deben cuestionar el origen de los datos de entrenamiento de la IA y su impacto potencial en los resultados arquitect\u00f3nicos. Solo con una base \u00e9tica s\u00f3lida podemos esperar que la tecnolog\u00eda y la creatividad humana se integren armoniosamente en la arquitectura.<\/p>\n<p>Por lo tanto, la importancia de la \u00e9tica en el uso de tecnolog\u00edas digitales en arquitectura no puede ser subestimada. Debemos comprometernos a aprender continuamente, cuestionar nuestro papel y trabajar hacia un futuro en el que la tecnolog\u00eda mejore el entorno construido de manera justa y equitativa.<\/p>\n<p>Es fundamental tambi\u00e9n recordar que el di\u00e1logo con las comunidades y el involucramiento de m\u00faltiples partes interesadas no solo lleva a mejores resultados arquitect\u00f3nicos, sino que tambi\u00e9n fortalece el tejido social. Los arquitectos deben verse a s\u00ed mismos como agentes de cambio, capaces de influir positivamente en la sociedad a trav\u00e9s de sus decisiones \u00e9ticas. La forma en que utilizamos las tecnolog\u00edas digitales tiene el potencial para transformar realidades, y con ello, el compromiso \u00e9tico que llevamos a cabo es m\u00e1s crucial que nunca.<\/p>\n<p>Finalmente, es imperativo que cada arquitecto considere no solo el \u00e9xito de su proyecto, sino c\u00f3mo sus tecnolog\u00edas digitales y sus decisiones de dise\u00f1o afectar\u00e1n el bienestar del p\u00fablico. As\u00ed como un edificio no puede existir solo por sus materiales, el dise\u00f1o arquitect\u00f3nico debe ser visto en el contexto de la comunidad que servir\u00e1. Al hacerlo, elevamos nuestras pr\u00e1cticas y contribuimos a un entorno construido que refleja nuestros valores y \u00e9tica.<\/p>\n<p>Para m\u00e1s informaci\u00f3n, puede contactar al Arq. Arturo Garc\u00eda Castellanos como arquitecto desarrollador. Su correo electr\u00f3nico es contacto@arga.com.mx y su tel\u00e9fono es 55 2887 8750.<\/p>\n","protected":false},"excerpt":{"rendered":"<p>La arquitectura moderna depende cada vez m\u00e1s de tecnolog\u00edas digitales, y su adopci\u00f3n conlleva una serie de consideraciones \u00e9ticas. A medida que los arquitectos integran herramientas digitales en procesos de dise\u00f1o y construcci\u00f3n, es crucial que comprendan la responsabilidad que tienen y c\u00f3mo sus decisiones pueden impactar tanto a los clientes como a la sociedad&#8230;<\/p>\n","protected":false},"author":1,"featured_media":243,"comment_status":"open","ping_status":"open","sticky":false,"template":"","format":"standard","meta":{"nf_dc_page":"","om_disable_all_campaigns":false,"_jetpack_memberships_contains_paid_content":false,"footnotes":""},"categories":[1],"tags":[],"class_list":["post-244","post","type-post","status-publish","format-standard","has-post-thumbnail","hentry","category-arquitecto"],"yoast_head":"<!-- This site is optimized with the Yoast SEO plugin v27.5 - https:\/\/yoast.com\/product\/yoast-seo-wordpress\/ -->\n<title>La \u00e9tica en tecnolog\u00eda digital en arquitectura - Arquitectura Gaceta<\/title>\n<meta name=\"description\" content=\"La \u00e9tica en tecnolog\u00eda digital en arquitectura Arquitectura Gaceta\" \/>\n<meta name=\"robots\" content=\"index, follow, max-snippet:-1, max-image-preview:large, max-video-preview:-1\" \/>\n<link rel=\"canonical\" href=\"https:\/\/arga.com.mx\/blog\/2024\/09\/30\/la-etica-en-tecnologia-digital-en-arquitectura\/\" \/>\n<meta property=\"og:locale\" content=\"es_MX\" \/>\n<meta property=\"og:type\" content=\"article\" \/>\n<meta property=\"og:title\" content=\"La \u00e9tica en tecnolog\u00eda digital en arquitectura - Arquitectura Gaceta\" \/>\n<meta property=\"og:description\" content=\"La \u00e9tica en tecnolog\u00eda digital en arquitectura Arquitectura Gaceta\" \/>\n<meta property=\"og:url\" content=\"https:\/\/arga.com.mx\/blog\/2024\/09\/30\/la-etica-en-tecnologia-digital-en-arquitectura\/\" \/>\n<meta property=\"og:site_name\" content=\"Arquitectura Gaceta\" \/>\n<meta property=\"article:publisher\" content=\"https:\/\/www.facebook.com\/ARGAArchitecture\" \/>\n<meta property=\"article:published_time\" content=\"2024-09-30T22:03:31+00:00\" \/>\n<meta name=\"author\" content=\"admin\" \/>\n<meta name=\"twitter:card\" content=\"summary_large_image\" \/>\n<meta name=\"twitter:label1\" content=\"Escrito por\" \/>\n\t<meta name=\"twitter:data1\" content=\"admin\" \/>\n\t<meta name=\"twitter:label2\" content=\"Tiempo de lectura\" \/>\n\t<meta name=\"twitter:data2\" content=\"3 minutos\" \/>\n<script type=\"application\/ld+json\" class=\"yoast-schema-graph\">{\"@context\":\"https:\\\/\\\/schema.org\",\"@graph\":[{\"@type\":\"Article\",\"@id\":\"https:\\\/\\\/arga.com.mx\\\/blog\\\/2024\\\/09\\\/30\\\/la-etica-en-tecnologia-digital-en-arquitectura\\\/#article\",\"isPartOf\":{\"@id\":\"https:\\\/\\\/arga.com.mx\\\/blog\\\/2024\\\/09\\\/30\\\/la-etica-en-tecnologia-digital-en-arquitectura\\\/\"},\"author\":{\"name\":\"admin\",\"@id\":\"https:\\\/\\\/arga.com.mx\\\/blog\\\/#\\\/schema\\\/person\\\/f175f8d81f44be7ec3020f1a3a9b7e23\"},\"headline\":\"La \u00e9tica en tecnolog\u00eda digital en arquitectura\",\"datePublished\":\"2024-09-30T22:03:31+00:00\",\"mainEntityOfPage\":{\"@id\":\"https:\\\/\\\/arga.com.mx\\\/blog\\\/2024\\\/09\\\/30\\\/la-etica-en-tecnologia-digital-en-arquitectura\\\/\"},\"wordCount\":615,\"commentCount\":0,\"publisher\":{\"@id\":\"https:\\\/\\\/arga.com.mx\\\/blog\\\/#organization\"},\"image\":{\"@id\":\"https:\\\/\\\/arga.com.mx\\\/blog\\\/2024\\\/09\\\/30\\\/la-etica-en-tecnologia-digital-en-arquitectura\\\/#primaryimage\"},\"thumbnailUrl\":\"https:\\\/\\\/i0.wp.com\\\/arga.com.mx\\\/blog\\\/wp-content\\\/uploads\\\/2024\\\/09\\\/imagen-103.png?fit=1024%2C1024&ssl=1\",\"articleSection\":[\"Arquitecto\"],\"inLanguage\":\"es\",\"potentialAction\":[{\"@type\":\"CommentAction\",\"name\":\"Comment\",\"target\":[\"https:\\\/\\\/arga.com.mx\\\/blog\\\/2024\\\/09\\\/30\\\/la-etica-en-tecnologia-digital-en-arquitectura\\\/#respond\"]}]},{\"@type\":\"WebPage\",\"@id\":\"https:\\\/\\\/arga.com.mx\\\/blog\\\/2024\\\/09\\\/30\\\/la-etica-en-tecnologia-digital-en-arquitectura\\\/\",\"url\":\"https:\\\/\\\/arga.com.mx\\\/blog\\\/2024\\\/09\\\/30\\\/la-etica-en-tecnologia-digital-en-arquitectura\\\/\",\"name\":\"La \u00e9tica en tecnolog\u00eda digital en arquitectura - Arquitectura Gaceta\",\"isPartOf\":{\"@id\":\"https:\\\/\\\/arga.com.mx\\\/blog\\\/#website\"},\"primaryImageOfPage\":{\"@id\":\"https:\\\/\\\/arga.com.mx\\\/blog\\\/2024\\\/09\\\/30\\\/la-etica-en-tecnologia-digital-en-arquitectura\\\/#primaryimage\"},\"image\":{\"@id\":\"https:\\\/\\\/arga.com.mx\\\/blog\\\/2024\\\/09\\\/30\\\/la-etica-en-tecnologia-digital-en-arquitectura\\\/#primaryimage\"},\"thumbnailUrl\":\"https:\\\/\\\/i0.wp.com\\\/arga.com.mx\\\/blog\\\/wp-content\\\/uploads\\\/2024\\\/09\\\/imagen-103.png?fit=1024%2C1024&ssl=1\",\"datePublished\":\"2024-09-30T22:03:31+00:00\",\"description\":\"La \u00e9tica en tecnolog\u00eda digital en arquitectura Arquitectura Gaceta\",\"breadcrumb\":{\"@id\":\"https:\\\/\\\/arga.com.mx\\\/blog\\\/2024\\\/09\\\/30\\\/la-etica-en-tecnologia-digital-en-arquitectura\\\/#breadcrumb\"},\"inLanguage\":\"es\",\"potentialAction\":[{\"@type\":\"ReadAction\",\"target\":[\"https:\\\/\\\/arga.com.mx\\\/blog\\\/2024\\\/09\\\/30\\\/la-etica-en-tecnologia-digital-en-arquitectura\\\/\"]}]},{\"@type\":\"ImageObject\",\"inLanguage\":\"es\",\"@id\":\"https:\\\/\\\/arga.com.mx\\\/blog\\\/2024\\\/09\\\/30\\\/la-etica-en-tecnologia-digital-en-arquitectura\\\/#primaryimage\",\"url\":\"https:\\\/\\\/i0.wp.com\\\/arga.com.mx\\\/blog\\\/wp-content\\\/uploads\\\/2024\\\/09\\\/imagen-103.png?fit=1024%2C1024&ssl=1\",\"contentUrl\":\"https:\\\/\\\/i0.wp.com\\\/arga.com.mx\\\/blog\\\/wp-content\\\/uploads\\\/2024\\\/09\\\/imagen-103.png?fit=1024%2C1024&ssl=1\",\"width\":1024,\"height\":1024},{\"@type\":\"BreadcrumbList\",\"@id\":\"https:\\\/\\\/arga.com.mx\\\/blog\\\/2024\\\/09\\\/30\\\/la-etica-en-tecnologia-digital-en-arquitectura\\\/#breadcrumb\",\"itemListElement\":[{\"@type\":\"ListItem\",\"position\":1,\"name\":\"Home\",\"item\":\"https:\\\/\\\/arga.com.mx\\\/blog\\\/\"},{\"@type\":\"ListItem\",\"position\":2,\"name\":\"La \u00e9tica en tecnolog\u00eda digital en arquitectura\"}]},{\"@type\":\"WebSite\",\"@id\":\"https:\\\/\\\/arga.com.mx\\\/blog\\\/#website\",\"url\":\"https:\\\/\\\/arga.com.mx\\\/blog\\\/\",\"name\":\"Arquitecto en M\u00e9xico cdmx\",\"description\":\"El blog del Arquitecto en M\u00e9xico por Arturo Garcia\",\"publisher\":{\"@id\":\"https:\\\/\\\/arga.com.mx\\\/blog\\\/#organization\"},\"potentialAction\":[{\"@type\":\"SearchAction\",\"target\":{\"@type\":\"EntryPoint\",\"urlTemplate\":\"https:\\\/\\\/arga.com.mx\\\/blog\\\/?s={search_term_string}\"},\"query-input\":{\"@type\":\"PropertyValueSpecification\",\"valueRequired\":true,\"valueName\":\"search_term_string\"}}],\"inLanguage\":\"es\"},{\"@type\":\"Organization\",\"@id\":\"https:\\\/\\\/arga.com.mx\\\/blog\\\/#organization\",\"name\":\"Arquitecto en M\u00e9xico cdmx\",\"url\":\"https:\\\/\\\/arga.com.mx\\\/blog\\\/\",\"logo\":{\"@type\":\"ImageObject\",\"inLanguage\":\"es\",\"@id\":\"https:\\\/\\\/arga.com.mx\\\/blog\\\/#\\\/schema\\\/logo\\\/image\\\/\",\"url\":\"https:\\\/\\\/i0.wp.com\\\/arga.com.mx\\\/blog\\\/wp-content\\\/uploads\\\/2024\\\/09\\\/banner-blog-1-1.png?fit=1123%2C342&ssl=1\",\"contentUrl\":\"https:\\\/\\\/i0.wp.com\\\/arga.com.mx\\\/blog\\\/wp-content\\\/uploads\\\/2024\\\/09\\\/banner-blog-1-1.png?fit=1123%2C342&ssl=1\",\"width\":1123,\"height\":342,\"caption\":\"Arquitecto en M\u00e9xico cdmx\"},\"image\":{\"@id\":\"https:\\\/\\\/arga.com.mx\\\/blog\\\/#\\\/schema\\\/logo\\\/image\\\/\"},\"sameAs\":[\"https:\\\/\\\/www.facebook.com\\\/ARGAArchitecture\"]},{\"@type\":\"Person\",\"@id\":\"https:\\\/\\\/arga.com.mx\\\/blog\\\/#\\\/schema\\\/person\\\/f175f8d81f44be7ec3020f1a3a9b7e23\",\"name\":\"admin\",\"image\":{\"@type\":\"ImageObject\",\"inLanguage\":\"es\",\"@id\":\"https:\\\/\\\/secure.gravatar.com\\\/avatar\\\/b3e3e019b326b4209d932274e7c6a1ad517fe99e9562c2fdf8de71f456a3ab84?s=96&d=mm&r=g\",\"url\":\"https:\\\/\\\/secure.gravatar.com\\\/avatar\\\/b3e3e019b326b4209d932274e7c6a1ad517fe99e9562c2fdf8de71f456a3ab84?s=96&d=mm&r=g\",\"contentUrl\":\"https:\\\/\\\/secure.gravatar.com\\\/avatar\\\/b3e3e019b326b4209d932274e7c6a1ad517fe99e9562c2fdf8de71f456a3ab84?s=96&d=mm&r=g\",\"caption\":\"admin\"},\"sameAs\":[\"https:\\\/\\\/arga.com.mx\\\/blog\"],\"url\":\"https:\\\/\\\/arga.com.mx\\\/blog\\\/author\\\/admin\\\/\"}]}<\/script>\n<!-- \/ Yoast SEO plugin. -->","yoast_head_json":{"title":"La \u00e9tica en tecnolog\u00eda digital en arquitectura - Arquitectura Gaceta","description":"La \u00e9tica en tecnolog\u00eda digital en arquitectura Arquitectura Gaceta","robots":{"index":"index","follow":"follow","max-snippet":"max-snippet:-1","max-image-preview":"max-image-preview:large","max-video-preview":"max-video-preview:-1"},"canonical":"https:\/\/arga.com.mx\/blog\/2024\/09\/30\/la-etica-en-tecnologia-digital-en-arquitectura\/","og_locale":"es_MX","og_type":"article","og_title":"La \u00e9tica en tecnolog\u00eda digital en arquitectura - Arquitectura Gaceta","og_description":"La \u00e9tica en tecnolog\u00eda digital en arquitectura Arquitectura Gaceta","og_url":"https:\/\/arga.com.mx\/blog\/2024\/09\/30\/la-etica-en-tecnologia-digital-en-arquitectura\/","og_site_name":"Arquitectura Gaceta","article_publisher":"https:\/\/www.facebook.com\/ARGAArchitecture","article_published_time":"2024-09-30T22:03:31+00:00","author":"admin","twitter_card":"summary_large_image","twitter_misc":{"Escrito por":"admin","Tiempo de lectura":"3 minutos"},"schema":{"@context":"https:\/\/schema.org","@graph":[{"@type":"Article","@id":"https:\/\/arga.com.mx\/blog\/2024\/09\/30\/la-etica-en-tecnologia-digital-en-arquitectura\/#article","isPartOf":{"@id":"https:\/\/arga.com.mx\/blog\/2024\/09\/30\/la-etica-en-tecnologia-digital-en-arquitectura\/"},"author":{"name":"admin","@id":"https:\/\/arga.com.mx\/blog\/#\/schema\/person\/f175f8d81f44be7ec3020f1a3a9b7e23"},"headline":"La \u00e9tica en tecnolog\u00eda digital en arquitectura","datePublished":"2024-09-30T22:03:31+00:00","mainEntityOfPage":{"@id":"https:\/\/arga.com.mx\/blog\/2024\/09\/30\/la-etica-en-tecnologia-digital-en-arquitectura\/"},"wordCount":615,"commentCount":0,"publisher":{"@id":"https:\/\/arga.com.mx\/blog\/#organization"},"image":{"@id":"https:\/\/arga.com.mx\/blog\/2024\/09\/30\/la-etica-en-tecnologia-digital-en-arquitectura\/#primaryimage"},"thumbnailUrl":"https:\/\/i0.wp.com\/arga.com.mx\/blog\/wp-content\/uploads\/2024\/09\/imagen-103.png?fit=1024%2C1024&ssl=1","articleSection":["Arquitecto"],"inLanguage":"es","potentialAction":[{"@type":"CommentAction","name":"Comment","target":["https:\/\/arga.com.mx\/blog\/2024\/09\/30\/la-etica-en-tecnologia-digital-en-arquitectura\/#respond"]}]},{"@type":"WebPage","@id":"https:\/\/arga.com.mx\/blog\/2024\/09\/30\/la-etica-en-tecnologia-digital-en-arquitectura\/","url":"https:\/\/arga.com.mx\/blog\/2024\/09\/30\/la-etica-en-tecnologia-digital-en-arquitectura\/","name":"La \u00e9tica en tecnolog\u00eda digital en arquitectura - Arquitectura Gaceta","isPartOf":{"@id":"https:\/\/arga.com.mx\/blog\/#website"},"primaryImageOfPage":{"@id":"https:\/\/arga.com.mx\/blog\/2024\/09\/30\/la-etica-en-tecnologia-digital-en-arquitectura\/#primaryimage"},"image":{"@id":"https:\/\/arga.com.mx\/blog\/2024\/09\/30\/la-etica-en-tecnologia-digital-en-arquitectura\/#primaryimage"},"thumbnailUrl":"https:\/\/i0.wp.com\/arga.com.mx\/blog\/wp-content\/uploads\/2024\/09\/imagen-103.png?fit=1024%2C1024&ssl=1","datePublished":"2024-09-30T22:03:31+00:00","description":"La \u00e9tica en tecnolog\u00eda digital en arquitectura Arquitectura Gaceta","breadcrumb":{"@id":"https:\/\/arga.com.mx\/blog\/2024\/09\/30\/la-etica-en-tecnologia-digital-en-arquitectura\/#breadcrumb"},"inLanguage":"es","potentialAction":[{"@type":"ReadAction","target":["https:\/\/arga.com.mx\/blog\/2024\/09\/30\/la-etica-en-tecnologia-digital-en-arquitectura\/"]}]},{"@type":"ImageObject","inLanguage":"es","@id":"https:\/\/arga.com.mx\/blog\/2024\/09\/30\/la-etica-en-tecnologia-digital-en-arquitectura\/#primaryimage","url":"https:\/\/i0.wp.com\/arga.com.mx\/blog\/wp-content\/uploads\/2024\/09\/imagen-103.png?fit=1024%2C1024&ssl=1","contentUrl":"https:\/\/i0.wp.com\/arga.com.mx\/blog\/wp-content\/uploads\/2024\/09\/imagen-103.png?fit=1024%2C1024&ssl=1","width":1024,"height":1024},{"@type":"BreadcrumbList","@id":"https:\/\/arga.com.mx\/blog\/2024\/09\/30\/la-etica-en-tecnologia-digital-en-arquitectura\/#breadcrumb","itemListElement":[{"@type":"ListItem","position":1,"name":"Home","item":"https:\/\/arga.com.mx\/blog\/"},{"@type":"ListItem","position":2,"name":"La \u00e9tica en tecnolog\u00eda digital en arquitectura"}]},{"@type":"WebSite","@id":"https:\/\/arga.com.mx\/blog\/#website","url":"https:\/\/arga.com.mx\/blog\/","name":"Arquitecto en M\u00e9xico cdmx","description":"El blog del Arquitecto en M\u00e9xico por Arturo Garcia","publisher":{"@id":"https:\/\/arga.com.mx\/blog\/#organization"},"potentialAction":[{"@type":"SearchAction","target":{"@type":"EntryPoint","urlTemplate":"https:\/\/arga.com.mx\/blog\/?s={search_term_string}"},"query-input":{"@type":"PropertyValueSpecification","valueRequired":true,"valueName":"search_term_string"}}],"inLanguage":"es"},{"@type":"Organization","@id":"https:\/\/arga.com.mx\/blog\/#organization","name":"Arquitecto en M\u00e9xico cdmx","url":"https:\/\/arga.com.mx\/blog\/","logo":{"@type":"ImageObject","inLanguage":"es","@id":"https:\/\/arga.com.mx\/blog\/#\/schema\/logo\/image\/","url":"https:\/\/i0.wp.com\/arga.com.mx\/blog\/wp-content\/uploads\/2024\/09\/banner-blog-1-1.png?fit=1123%2C342&ssl=1","contentUrl":"https:\/\/i0.wp.com\/arga.com.mx\/blog\/wp-content\/uploads\/2024\/09\/banner-blog-1-1.png?fit=1123%2C342&ssl=1","width":1123,"height":342,"caption":"Arquitecto en M\u00e9xico cdmx"},"image":{"@id":"https:\/\/arga.com.mx\/blog\/#\/schema\/logo\/image\/"},"sameAs":["https:\/\/www.facebook.com\/ARGAArchitecture"]},{"@type":"Person","@id":"https:\/\/arga.com.mx\/blog\/#\/schema\/person\/f175f8d81f44be7ec3020f1a3a9b7e23","name":"admin","image":{"@type":"ImageObject","inLanguage":"es","@id":"https:\/\/secure.gravatar.com\/avatar\/b3e3e019b326b4209d932274e7c6a1ad517fe99e9562c2fdf8de71f456a3ab84?s=96&d=mm&r=g","url":"https:\/\/secure.gravatar.com\/avatar\/b3e3e019b326b4209d932274e7c6a1ad517fe99e9562c2fdf8de71f456a3ab84?s=96&d=mm&r=g","contentUrl":"https:\/\/secure.gravatar.com\/avatar\/b3e3e019b326b4209d932274e7c6a1ad517fe99e9562c2fdf8de71f456a3ab84?s=96&d=mm&r=g","caption":"admin"},"sameAs":["https:\/\/arga.com.mx\/blog"],"url":"https:\/\/arga.com.mx\/blog\/author\/admin\/"}]}},"jetpack_featured_media_url":"https:\/\/i0.wp.com\/arga.com.mx\/blog\/wp-content\/uploads\/2024\/09\/imagen-103.png?fit=1024%2C1024&ssl=1","jetpack_sharing_enabled":true,"_links":{"self":[{"href":"https:\/\/arga.com.mx\/blog\/wp-json\/wp\/v2\/posts\/244","targetHints":{"allow":["GET"]}}],"collection":[{"href":"https:\/\/arga.com.mx\/blog\/wp-json\/wp\/v2\/posts"}],"about":[{"href":"https:\/\/arga.com.mx\/blog\/wp-json\/wp\/v2\/types\/post"}],"author":[{"embeddable":true,"href":"https:\/\/arga.com.mx\/blog\/wp-json\/wp\/v2\/users\/1"}],"replies":[{"embeddable":true,"href":"https:\/\/arga.com.mx\/blog\/wp-json\/wp\/v2\/comments?post=244"}],"version-history":[{"count":0,"href":"https:\/\/arga.com.mx\/blog\/wp-json\/wp\/v2\/posts\/244\/revisions"}],"wp:featuredmedia":[{"embeddable":true,"href":"https:\/\/arga.com.mx\/blog\/wp-json\/wp\/v2\/media\/243"}],"wp:attachment":[{"href":"https:\/\/arga.com.mx\/blog\/wp-json\/wp\/v2\/media?parent=244"}],"wp:term":[{"taxonomy":"category","embeddable":true,"href":"https:\/\/arga.com.mx\/blog\/wp-json\/wp\/v2\/categories?post=244"},{"taxonomy":"post_tag","embeddable":true,"href":"https:\/\/arga.com.mx\/blog\/wp-json\/wp\/v2\/tags?post=244"}],"curies":[{"name":"wp","href":"https:\/\/api.w.org\/{rel}","templated":true}]}}