{"id":242,"date":"2024-09-30T16:02:53","date_gmt":"2024-09-30T22:02:53","guid":{"rendered":"https:\/\/arga.com.mx\/blog\/2024\/09\/30\/diseno-de-espacios-para-vehiculos-autonomos\/"},"modified":"2024-09-30T16:02:53","modified_gmt":"2024-09-30T22:02:53","slug":"diseno-de-espacios-para-vehiculos-autonomos","status":"publish","type":"post","link":"https:\/\/arga.com.mx\/blog\/2024\/09\/30\/diseno-de-espacios-para-vehiculos-autonomos\/","title":{"rendered":"Dise\u00f1o de espacios para veh\u00edculos aut\u00f3nomos"},"content":{"rendered":"<p>La transici\u00f3n hacia un futuro donde los veh\u00edculos aut\u00f3nomos son comunes plantea un desaf\u00edo intrigante: el dise\u00f1o de los espacios que los albergar\u00e1n. Al abordar este tema, es crucial considerar c\u00f3mo las herramientas digitales pueden facilitar la creaci\u00f3n de entornos que no solo sean funcionales, sino tambi\u00e9n acogedores para una experiencia de usuario \u00f3ptima. Los espacios destinados a veh\u00edculos aut\u00f3nomos deben ser dise\u00f1ados con una visi\u00f3n a futuro, enfoc\u00e1ndose en la sostenibilidad y la integraci\u00f3n con el entorno urbano.<\/p>\n<p>En primer lugar, es fundamental analizar c\u00f3mo los veh\u00edculos aut\u00f3nomos interact\u00faan con su entorno. A diferencia de los veh\u00edculos convencionales, estos veh\u00edculos dependen de una serie de tecnolog\u00edas digitales que les permiten percibir el entorno y tomar decisiones en tiempo real. Por lo tanto, los espacios en los que operan deben estar estructurados de tal manera que faciliten esta interacci\u00f3n. La implementaci\u00f3n de sensores y sistemas de navegaci\u00f3n inteligentes, integrados en el dise\u00f1o urbano, permitir\u00e1 a los veh\u00edculos aut\u00f3nomos optimizar su rendimiento y seguridad.<\/p>\n<p>Adem\u00e1s, la utilizaci\u00f3n de herramientas digitales como software de modelado 3D y simulaciones puede revolucionar el dise\u00f1o de estos espacios. A trav\u00e9s de estas herramientas, los arquitectos y dise\u00f1adores pueden visualizar y evaluar c\u00f3mo un espacio funcionar\u00e1 en la pr\u00e1ctica. Esto es particularmente relevante en el dise\u00f1o de garajes o \u00e1reas de estacionamiento destinadas a veh\u00edculos aut\u00f3nomos, donde la eficiencia del espacio y la facilidad de acceso son primordiales. Las simulaciones permiten probar diferentes configuraciones para identificar la m\u00e1s efectiva antes de realizar la construcci\u00f3n f\u00edsica.<\/p>\n<p>La colaboraci\u00f3n entre dise\u00f1adores, ingenieros y expertos en movilidad es esencial para crear espacios que se adapten a las necesidades cambiantes de los veh\u00edculos aut\u00f3nomos. A medida que la tecnolog\u00eda avanza, las estrategias de dise\u00f1o tambi\u00e9n deben evolucionar. Por ejemplo, la creaci\u00f3n de zonas de carga para veh\u00edculos el\u00e9ctricos aut\u00f3nomos deben integrarse en el paisaje urbano de manera que no solo optimicen el espacio, sino que tambi\u00e9n mejoren la est\u00e9tica del entorno.<\/p>\n<p>Un aspecto vital de la planificaci\u00f3n de estos espacios es considerar el impacto de los veh\u00edculos aut\u00f3nomos en la movilidad urbana. A medida que m\u00e1s personas opten por utilizar veh\u00edculos aut\u00f3nomos, es probable que la demanda de espacios de estacionamiento cambie. Por lo tanto, la flexibilidad en el dise\u00f1o se convierte en un imperativo. Los espacios deben ser adaptables y capaces de transformarse seg\u00fan las tendencias futuras de movilidad.<\/p>\n<p>La integraci\u00f3n de tecnolog\u00edas digitales tambi\u00e9n permite la recolecci\u00f3n de datos, lo que puede informar el futuro dise\u00f1o de espacios. Analizar el comportamiento del tr\u00e1fico en tiempo real, la ocupaci\u00f3n de estacionamientos y otros patrones de uso puede ayudar a los arquitectos a tomar decisiones fundamentadas.<\/p>\n<p>Finalmente, es esencial no olvidar el aspecto humano. Los espacios deben dise\u00f1arse con el usuario en mente, garantizando que las experiencias de las personas sean enriquecedoras y satisfactorias. La creaci\u00f3n de \u00e1reas de descanso, lugares de reuni\u00f3n y otras caracter\u00edsticas que fomenten la interacci\u00f3n social es crucial para integrar los veh\u00edculos aut\u00f3nomos en nuestras ciudades de manera efectiva.<\/p>\n<p>En conclusi\u00f3n, el dise\u00f1o de espacios para veh\u00edculos aut\u00f3nomos con herramientas digitales representa una oportunidad emocionante para reinventar la movilidad urbana. A medida que avanzamos hacia un futuro m\u00e1s conectado y automatizado, es esencial que los arquitectos y dise\u00f1adores adopten un enfoque orientado a la tecnolog\u00eda, pero que nunca pierdan de vista la experiencia del usuario y la sostenibilidad.<\/p>\n<p>Para m\u00e1s informaci\u00f3n, contactar a Arq. Arturo Garc\u00eda Castellanos en contacto@arga.com.mx o al tel\u00e9fono 55 2887 8750.<\/p>\n","protected":false},"excerpt":{"rendered":"<p>La transici\u00f3n hacia un futuro donde los veh\u00edculos aut\u00f3nomos son comunes plantea un desaf\u00edo intrigante: el dise\u00f1o de los espacios que los albergar\u00e1n. Al abordar este tema, es crucial considerar c\u00f3mo las herramientas digitales pueden facilitar la creaci\u00f3n de entornos que no solo sean funcionales, sino tambi\u00e9n acogedores para una experiencia de usuario \u00f3ptima. Los&#8230;<\/p>\n","protected":false},"author":1,"featured_media":241,"comment_status":"open","ping_status":"open","sticky":false,"template":"","format":"standard","meta":{"nf_dc_page":"","om_disable_all_campaigns":false,"_jetpack_memberships_contains_paid_content":false,"footnotes":""},"categories":[1],"tags":[],"class_list":["post-242","post","type-post","status-publish","format-standard","has-post-thumbnail","hentry","category-arquitecto"],"yoast_head":"<!-- This site is optimized with the Yoast SEO plugin v27.5 - https:\/\/yoast.com\/product\/yoast-seo-wordpress\/ -->\n<title>Dise\u00f1o de espacios para veh\u00edculos aut\u00f3nomos - Arquitectura Gaceta<\/title>\n<meta name=\"description\" content=\"Dise\u00f1o de espacios para veh\u00edculos aut\u00f3nomos Arquitectura Gaceta\" \/>\n<meta name=\"robots\" content=\"index, follow, max-snippet:-1, max-image-preview:large, max-video-preview:-1\" \/>\n<link rel=\"canonical\" href=\"https:\/\/arga.com.mx\/blog\/2024\/09\/30\/diseno-de-espacios-para-vehiculos-autonomos\/\" \/>\n<meta property=\"og:locale\" content=\"es_MX\" \/>\n<meta property=\"og:type\" content=\"article\" \/>\n<meta property=\"og:title\" content=\"Dise\u00f1o de espacios para veh\u00edculos aut\u00f3nomos - Arquitectura Gaceta\" \/>\n<meta property=\"og:description\" content=\"Dise\u00f1o de espacios para veh\u00edculos aut\u00f3nomos Arquitectura Gaceta\" \/>\n<meta property=\"og:url\" content=\"https:\/\/arga.com.mx\/blog\/2024\/09\/30\/diseno-de-espacios-para-vehiculos-autonomos\/\" \/>\n<meta property=\"og:site_name\" content=\"Arquitectura Gaceta\" \/>\n<meta property=\"article:publisher\" content=\"https:\/\/www.facebook.com\/ARGAArchitecture\" \/>\n<meta property=\"article:published_time\" content=\"2024-09-30T22:02:53+00:00\" \/>\n<meta name=\"author\" content=\"admin\" \/>\n<meta name=\"twitter:card\" content=\"summary_large_image\" \/>\n<meta name=\"twitter:label1\" content=\"Escrito por\" \/>\n\t<meta name=\"twitter:data1\" content=\"admin\" \/>\n\t<meta name=\"twitter:label2\" content=\"Tiempo de lectura\" \/>\n\t<meta name=\"twitter:data2\" content=\"3 minutos\" \/>\n<script type=\"application\/ld+json\" class=\"yoast-schema-graph\">{\"@context\":\"https:\\\/\\\/schema.org\",\"@graph\":[{\"@type\":\"Article\",\"@id\":\"https:\\\/\\\/arga.com.mx\\\/blog\\\/2024\\\/09\\\/30\\\/diseno-de-espacios-para-vehiculos-autonomos\\\/#article\",\"isPartOf\":{\"@id\":\"https:\\\/\\\/arga.com.mx\\\/blog\\\/2024\\\/09\\\/30\\\/diseno-de-espacios-para-vehiculos-autonomos\\\/\"},\"author\":{\"name\":\"admin\",\"@id\":\"https:\\\/\\\/arga.com.mx\\\/blog\\\/#\\\/schema\\\/person\\\/f175f8d81f44be7ec3020f1a3a9b7e23\"},\"headline\":\"Dise\u00f1o de espacios para veh\u00edculos aut\u00f3nomos\",\"datePublished\":\"2024-09-30T22:02:53+00:00\",\"mainEntityOfPage\":{\"@id\":\"https:\\\/\\\/arga.com.mx\\\/blog\\\/2024\\\/09\\\/30\\\/diseno-de-espacios-para-vehiculos-autonomos\\\/\"},\"wordCount\":666,\"commentCount\":0,\"publisher\":{\"@id\":\"https:\\\/\\\/arga.com.mx\\\/blog\\\/#organization\"},\"image\":{\"@id\":\"https:\\\/\\\/arga.com.mx\\\/blog\\\/2024\\\/09\\\/30\\\/diseno-de-espacios-para-vehiculos-autonomos\\\/#primaryimage\"},\"thumbnailUrl\":\"https:\\\/\\\/i0.wp.com\\\/arga.com.mx\\\/blog\\\/wp-content\\\/uploads\\\/2024\\\/09\\\/imagen-102.png?fit=1024%2C1024&ssl=1\",\"articleSection\":[\"Arquitecto\"],\"inLanguage\":\"es\",\"potentialAction\":[{\"@type\":\"CommentAction\",\"name\":\"Comment\",\"target\":[\"https:\\\/\\\/arga.com.mx\\\/blog\\\/2024\\\/09\\\/30\\\/diseno-de-espacios-para-vehiculos-autonomos\\\/#respond\"]}]},{\"@type\":\"WebPage\",\"@id\":\"https:\\\/\\\/arga.com.mx\\\/blog\\\/2024\\\/09\\\/30\\\/diseno-de-espacios-para-vehiculos-autonomos\\\/\",\"url\":\"https:\\\/\\\/arga.com.mx\\\/blog\\\/2024\\\/09\\\/30\\\/diseno-de-espacios-para-vehiculos-autonomos\\\/\",\"name\":\"Dise\u00f1o de espacios para veh\u00edculos aut\u00f3nomos - Arquitectura Gaceta\",\"isPartOf\":{\"@id\":\"https:\\\/\\\/arga.com.mx\\\/blog\\\/#website\"},\"primaryImageOfPage\":{\"@id\":\"https:\\\/\\\/arga.com.mx\\\/blog\\\/2024\\\/09\\\/30\\\/diseno-de-espacios-para-vehiculos-autonomos\\\/#primaryimage\"},\"image\":{\"@id\":\"https:\\\/\\\/arga.com.mx\\\/blog\\\/2024\\\/09\\\/30\\\/diseno-de-espacios-para-vehiculos-autonomos\\\/#primaryimage\"},\"thumbnailUrl\":\"https:\\\/\\\/i0.wp.com\\\/arga.com.mx\\\/blog\\\/wp-content\\\/uploads\\\/2024\\\/09\\\/imagen-102.png?fit=1024%2C1024&ssl=1\",\"datePublished\":\"2024-09-30T22:02:53+00:00\",\"description\":\"Dise\u00f1o de espacios para veh\u00edculos aut\u00f3nomos Arquitectura Gaceta\",\"breadcrumb\":{\"@id\":\"https:\\\/\\\/arga.com.mx\\\/blog\\\/2024\\\/09\\\/30\\\/diseno-de-espacios-para-vehiculos-autonomos\\\/#breadcrumb\"},\"inLanguage\":\"es\",\"potentialAction\":[{\"@type\":\"ReadAction\",\"target\":[\"https:\\\/\\\/arga.com.mx\\\/blog\\\/2024\\\/09\\\/30\\\/diseno-de-espacios-para-vehiculos-autonomos\\\/\"]}]},{\"@type\":\"ImageObject\",\"inLanguage\":\"es\",\"@id\":\"https:\\\/\\\/arga.com.mx\\\/blog\\\/2024\\\/09\\\/30\\\/diseno-de-espacios-para-vehiculos-autonomos\\\/#primaryimage\",\"url\":\"https:\\\/\\\/i0.wp.com\\\/arga.com.mx\\\/blog\\\/wp-content\\\/uploads\\\/2024\\\/09\\\/imagen-102.png?fit=1024%2C1024&ssl=1\",\"contentUrl\":\"https:\\\/\\\/i0.wp.com\\\/arga.com.mx\\\/blog\\\/wp-content\\\/uploads\\\/2024\\\/09\\\/imagen-102.png?fit=1024%2C1024&ssl=1\",\"width\":1024,\"height\":1024},{\"@type\":\"BreadcrumbList\",\"@id\":\"https:\\\/\\\/arga.com.mx\\\/blog\\\/2024\\\/09\\\/30\\\/diseno-de-espacios-para-vehiculos-autonomos\\\/#breadcrumb\",\"itemListElement\":[{\"@type\":\"ListItem\",\"position\":1,\"name\":\"Home\",\"item\":\"https:\\\/\\\/arga.com.mx\\\/blog\\\/\"},{\"@type\":\"ListItem\",\"position\":2,\"name\":\"Dise\u00f1o de espacios para veh\u00edculos aut\u00f3nomos\"}]},{\"@type\":\"WebSite\",\"@id\":\"https:\\\/\\\/arga.com.mx\\\/blog\\\/#website\",\"url\":\"https:\\\/\\\/arga.com.mx\\\/blog\\\/\",\"name\":\"Arquitecto en M\u00e9xico cdmx\",\"description\":\"El blog del Arquitecto en M\u00e9xico por Arturo Garcia\",\"publisher\":{\"@id\":\"https:\\\/\\\/arga.com.mx\\\/blog\\\/#organization\"},\"potentialAction\":[{\"@type\":\"SearchAction\",\"target\":{\"@type\":\"EntryPoint\",\"urlTemplate\":\"https:\\\/\\\/arga.com.mx\\\/blog\\\/?s={search_term_string}\"},\"query-input\":{\"@type\":\"PropertyValueSpecification\",\"valueRequired\":true,\"valueName\":\"search_term_string\"}}],\"inLanguage\":\"es\"},{\"@type\":\"Organization\",\"@id\":\"https:\\\/\\\/arga.com.mx\\\/blog\\\/#organization\",\"name\":\"Arquitecto en M\u00e9xico cdmx\",\"url\":\"https:\\\/\\\/arga.com.mx\\\/blog\\\/\",\"logo\":{\"@type\":\"ImageObject\",\"inLanguage\":\"es\",\"@id\":\"https:\\\/\\\/arga.com.mx\\\/blog\\\/#\\\/schema\\\/logo\\\/image\\\/\",\"url\":\"https:\\\/\\\/i0.wp.com\\\/arga.com.mx\\\/blog\\\/wp-content\\\/uploads\\\/2024\\\/09\\\/banner-blog-1-1.png?fit=1123%2C342&ssl=1\",\"contentUrl\":\"https:\\\/\\\/i0.wp.com\\\/arga.com.mx\\\/blog\\\/wp-content\\\/uploads\\\/2024\\\/09\\\/banner-blog-1-1.png?fit=1123%2C342&ssl=1\",\"width\":1123,\"height\":342,\"caption\":\"Arquitecto en M\u00e9xico cdmx\"},\"image\":{\"@id\":\"https:\\\/\\\/arga.com.mx\\\/blog\\\/#\\\/schema\\\/logo\\\/image\\\/\"},\"sameAs\":[\"https:\\\/\\\/www.facebook.com\\\/ARGAArchitecture\"]},{\"@type\":\"Person\",\"@id\":\"https:\\\/\\\/arga.com.mx\\\/blog\\\/#\\\/schema\\\/person\\\/f175f8d81f44be7ec3020f1a3a9b7e23\",\"name\":\"admin\",\"image\":{\"@type\":\"ImageObject\",\"inLanguage\":\"es\",\"@id\":\"https:\\\/\\\/secure.gravatar.com\\\/avatar\\\/b3e3e019b326b4209d932274e7c6a1ad517fe99e9562c2fdf8de71f456a3ab84?s=96&d=mm&r=g\",\"url\":\"https:\\\/\\\/secure.gravatar.com\\\/avatar\\\/b3e3e019b326b4209d932274e7c6a1ad517fe99e9562c2fdf8de71f456a3ab84?s=96&d=mm&r=g\",\"contentUrl\":\"https:\\\/\\\/secure.gravatar.com\\\/avatar\\\/b3e3e019b326b4209d932274e7c6a1ad517fe99e9562c2fdf8de71f456a3ab84?s=96&d=mm&r=g\",\"caption\":\"admin\"},\"sameAs\":[\"https:\\\/\\\/arga.com.mx\\\/blog\"],\"url\":\"https:\\\/\\\/arga.com.mx\\\/blog\\\/author\\\/admin\\\/\"}]}<\/script>\n<!-- \/ Yoast SEO plugin. -->","yoast_head_json":{"title":"Dise\u00f1o de espacios para veh\u00edculos aut\u00f3nomos - Arquitectura Gaceta","description":"Dise\u00f1o de espacios para veh\u00edculos aut\u00f3nomos Arquitectura Gaceta","robots":{"index":"index","follow":"follow","max-snippet":"max-snippet:-1","max-image-preview":"max-image-preview:large","max-video-preview":"max-video-preview:-1"},"canonical":"https:\/\/arga.com.mx\/blog\/2024\/09\/30\/diseno-de-espacios-para-vehiculos-autonomos\/","og_locale":"es_MX","og_type":"article","og_title":"Dise\u00f1o de espacios para veh\u00edculos aut\u00f3nomos - Arquitectura Gaceta","og_description":"Dise\u00f1o de espacios para veh\u00edculos aut\u00f3nomos Arquitectura Gaceta","og_url":"https:\/\/arga.com.mx\/blog\/2024\/09\/30\/diseno-de-espacios-para-vehiculos-autonomos\/","og_site_name":"Arquitectura Gaceta","article_publisher":"https:\/\/www.facebook.com\/ARGAArchitecture","article_published_time":"2024-09-30T22:02:53+00:00","author":"admin","twitter_card":"summary_large_image","twitter_misc":{"Escrito por":"admin","Tiempo de lectura":"3 minutos"},"schema":{"@context":"https:\/\/schema.org","@graph":[{"@type":"Article","@id":"https:\/\/arga.com.mx\/blog\/2024\/09\/30\/diseno-de-espacios-para-vehiculos-autonomos\/#article","isPartOf":{"@id":"https:\/\/arga.com.mx\/blog\/2024\/09\/30\/diseno-de-espacios-para-vehiculos-autonomos\/"},"author":{"name":"admin","@id":"https:\/\/arga.com.mx\/blog\/#\/schema\/person\/f175f8d81f44be7ec3020f1a3a9b7e23"},"headline":"Dise\u00f1o de espacios para veh\u00edculos aut\u00f3nomos","datePublished":"2024-09-30T22:02:53+00:00","mainEntityOfPage":{"@id":"https:\/\/arga.com.mx\/blog\/2024\/09\/30\/diseno-de-espacios-para-vehiculos-autonomos\/"},"wordCount":666,"commentCount":0,"publisher":{"@id":"https:\/\/arga.com.mx\/blog\/#organization"},"image":{"@id":"https:\/\/arga.com.mx\/blog\/2024\/09\/30\/diseno-de-espacios-para-vehiculos-autonomos\/#primaryimage"},"thumbnailUrl":"https:\/\/i0.wp.com\/arga.com.mx\/blog\/wp-content\/uploads\/2024\/09\/imagen-102.png?fit=1024%2C1024&ssl=1","articleSection":["Arquitecto"],"inLanguage":"es","potentialAction":[{"@type":"CommentAction","name":"Comment","target":["https:\/\/arga.com.mx\/blog\/2024\/09\/30\/diseno-de-espacios-para-vehiculos-autonomos\/#respond"]}]},{"@type":"WebPage","@id":"https:\/\/arga.com.mx\/blog\/2024\/09\/30\/diseno-de-espacios-para-vehiculos-autonomos\/","url":"https:\/\/arga.com.mx\/blog\/2024\/09\/30\/diseno-de-espacios-para-vehiculos-autonomos\/","name":"Dise\u00f1o de espacios para veh\u00edculos aut\u00f3nomos - Arquitectura Gaceta","isPartOf":{"@id":"https:\/\/arga.com.mx\/blog\/#website"},"primaryImageOfPage":{"@id":"https:\/\/arga.com.mx\/blog\/2024\/09\/30\/diseno-de-espacios-para-vehiculos-autonomos\/#primaryimage"},"image":{"@id":"https:\/\/arga.com.mx\/blog\/2024\/09\/30\/diseno-de-espacios-para-vehiculos-autonomos\/#primaryimage"},"thumbnailUrl":"https:\/\/i0.wp.com\/arga.com.mx\/blog\/wp-content\/uploads\/2024\/09\/imagen-102.png?fit=1024%2C1024&ssl=1","datePublished":"2024-09-30T22:02:53+00:00","description":"Dise\u00f1o de espacios para veh\u00edculos aut\u00f3nomos Arquitectura Gaceta","breadcrumb":{"@id":"https:\/\/arga.com.mx\/blog\/2024\/09\/30\/diseno-de-espacios-para-vehiculos-autonomos\/#breadcrumb"},"inLanguage":"es","potentialAction":[{"@type":"ReadAction","target":["https:\/\/arga.com.mx\/blog\/2024\/09\/30\/diseno-de-espacios-para-vehiculos-autonomos\/"]}]},{"@type":"ImageObject","inLanguage":"es","@id":"https:\/\/arga.com.mx\/blog\/2024\/09\/30\/diseno-de-espacios-para-vehiculos-autonomos\/#primaryimage","url":"https:\/\/i0.wp.com\/arga.com.mx\/blog\/wp-content\/uploads\/2024\/09\/imagen-102.png?fit=1024%2C1024&ssl=1","contentUrl":"https:\/\/i0.wp.com\/arga.com.mx\/blog\/wp-content\/uploads\/2024\/09\/imagen-102.png?fit=1024%2C1024&ssl=1","width":1024,"height":1024},{"@type":"BreadcrumbList","@id":"https:\/\/arga.com.mx\/blog\/2024\/09\/30\/diseno-de-espacios-para-vehiculos-autonomos\/#breadcrumb","itemListElement":[{"@type":"ListItem","position":1,"name":"Home","item":"https:\/\/arga.com.mx\/blog\/"},{"@type":"ListItem","position":2,"name":"Dise\u00f1o de espacios para veh\u00edculos aut\u00f3nomos"}]},{"@type":"WebSite","@id":"https:\/\/arga.com.mx\/blog\/#website","url":"https:\/\/arga.com.mx\/blog\/","name":"Arquitecto en M\u00e9xico cdmx","description":"El blog del Arquitecto en M\u00e9xico por Arturo Garcia","publisher":{"@id":"https:\/\/arga.com.mx\/blog\/#organization"},"potentialAction":[{"@type":"SearchAction","target":{"@type":"EntryPoint","urlTemplate":"https:\/\/arga.com.mx\/blog\/?s={search_term_string}"},"query-input":{"@type":"PropertyValueSpecification","valueRequired":true,"valueName":"search_term_string"}}],"inLanguage":"es"},{"@type":"Organization","@id":"https:\/\/arga.com.mx\/blog\/#organization","name":"Arquitecto en M\u00e9xico cdmx","url":"https:\/\/arga.com.mx\/blog\/","logo":{"@type":"ImageObject","inLanguage":"es","@id":"https:\/\/arga.com.mx\/blog\/#\/schema\/logo\/image\/","url":"https:\/\/i0.wp.com\/arga.com.mx\/blog\/wp-content\/uploads\/2024\/09\/banner-blog-1-1.png?fit=1123%2C342&ssl=1","contentUrl":"https:\/\/i0.wp.com\/arga.com.mx\/blog\/wp-content\/uploads\/2024\/09\/banner-blog-1-1.png?fit=1123%2C342&ssl=1","width":1123,"height":342,"caption":"Arquitecto en M\u00e9xico cdmx"},"image":{"@id":"https:\/\/arga.com.mx\/blog\/#\/schema\/logo\/image\/"},"sameAs":["https:\/\/www.facebook.com\/ARGAArchitecture"]},{"@type":"Person","@id":"https:\/\/arga.com.mx\/blog\/#\/schema\/person\/f175f8d81f44be7ec3020f1a3a9b7e23","name":"admin","image":{"@type":"ImageObject","inLanguage":"es","@id":"https:\/\/secure.gravatar.com\/avatar\/b3e3e019b326b4209d932274e7c6a1ad517fe99e9562c2fdf8de71f456a3ab84?s=96&d=mm&r=g","url":"https:\/\/secure.gravatar.com\/avatar\/b3e3e019b326b4209d932274e7c6a1ad517fe99e9562c2fdf8de71f456a3ab84?s=96&d=mm&r=g","contentUrl":"https:\/\/secure.gravatar.com\/avatar\/b3e3e019b326b4209d932274e7c6a1ad517fe99e9562c2fdf8de71f456a3ab84?s=96&d=mm&r=g","caption":"admin"},"sameAs":["https:\/\/arga.com.mx\/blog"],"url":"https:\/\/arga.com.mx\/blog\/author\/admin\/"}]}},"jetpack_featured_media_url":"https:\/\/i0.wp.com\/arga.com.mx\/blog\/wp-content\/uploads\/2024\/09\/imagen-102.png?fit=1024%2C1024&ssl=1","jetpack_sharing_enabled":true,"_links":{"self":[{"href":"https:\/\/arga.com.mx\/blog\/wp-json\/wp\/v2\/posts\/242","targetHints":{"allow":["GET"]}}],"collection":[{"href":"https:\/\/arga.com.mx\/blog\/wp-json\/wp\/v2\/posts"}],"about":[{"href":"https:\/\/arga.com.mx\/blog\/wp-json\/wp\/v2\/types\/post"}],"author":[{"embeddable":true,"href":"https:\/\/arga.com.mx\/blog\/wp-json\/wp\/v2\/users\/1"}],"replies":[{"embeddable":true,"href":"https:\/\/arga.com.mx\/blog\/wp-json\/wp\/v2\/comments?post=242"}],"version-history":[{"count":0,"href":"https:\/\/arga.com.mx\/blog\/wp-json\/wp\/v2\/posts\/242\/revisions"}],"wp:featuredmedia":[{"embeddable":true,"href":"https:\/\/arga.com.mx\/blog\/wp-json\/wp\/v2\/media\/241"}],"wp:attachment":[{"href":"https:\/\/arga.com.mx\/blog\/wp-json\/wp\/v2\/media?parent=242"}],"wp:term":[{"taxonomy":"category","embeddable":true,"href":"https:\/\/arga.com.mx\/blog\/wp-json\/wp\/v2\/categories?post=242"},{"taxonomy":"post_tag","embeddable":true,"href":"https:\/\/arga.com.mx\/blog\/wp-json\/wp\/v2\/tags?post=242"}],"curies":[{"name":"wp","href":"https:\/\/api.w.org\/{rel}","templated":true}]}}