{"id":232,"date":"2024-09-30T15:58:59","date_gmt":"2024-09-30T21:58:59","guid":{"rendered":"https:\/\/arga.com.mx\/blog\/2024\/09\/30\/el-futuro-de-los-espacios-residenciales-post-pandemia\/"},"modified":"2024-09-30T15:58:59","modified_gmt":"2024-09-30T21:58:59","slug":"el-futuro-de-los-espacios-residenciales-post-pandemia","status":"publish","type":"post","link":"https:\/\/arga.com.mx\/blog\/2024\/09\/30\/el-futuro-de-los-espacios-residenciales-post-pandemia\/","title":{"rendered":"El futuro de los espacios residenciales post-pandemia"},"content":{"rendered":"<p>En las \u00faltimas d\u00e9cadas, la arquitectura ha experimentado una transformaci\u00f3n radical, impulsada por la tecnolog\u00eda y los cambios en las din\u00e1micas sociales. <\/p>\n<p>La pandemia del COVID-19 ha acelerado estos cambios, obligando a repensar los espacios residenciales de una manera que anteriormente s\u00f3lo se hab\u00eda imaginado en teor\u00eda. <\/p>\n<p>Hoy m\u00e1s que nunca, los hogares se han convertido en el centro de nuestras vidas, funcionando no solo como refugios, sino tambi\u00e9n como espacios de trabajo, aprendizaje y convivencia. <\/p>\n<p>La influencia de la arquitectura digital es fundamental para este futuro, ya que nos permite dise\u00f1ar espacios m\u00e1s adaptativos y funcionales. <\/p>\n<p>Los nuevos modelos arquitect\u00f3nicos incorporan elementos de sostenibilidad, tecnolog\u00eda inteligente y flexibilidad en su dise\u00f1o, permitiendo que los espacios sean reutilizables y vers\u00e1tiles. <\/p>\n<p>Por ejemplo, el uso de aplicaciones de realidad aumentada (AR) y virtual (VR) ha facilitado la creaci\u00f3n de entornos virtuales que ayudan en la visualizaci\u00f3n y personalizaci\u00f3n de los espacios. <\/p>\n<p>Esto no solo mejora la experiencia del usuario, sino que tambi\u00e9n garantiza que las inversiones en bienes ra\u00edces sean m\u00e1s comprometidas y satisfactorias. <\/p>\n<p>El dise\u00f1o de interiores se ha alejado de la rigidez de las disposiciones convencionales, permitiendo la creaci\u00f3n de espacios fluidos e integrados que responden a las necesidades espec\u00edficas de las familias modernas, que buscan equilibrio entre la vida laboral y personal. <\/p>\n<p>La implementaci\u00f3n de tecnolog\u00edas como el Internet de las cosas (IoT) en el hogar tambi\u00e9n promete transformar c\u00f3mo interactuamos con nuestro espacio. <\/p>\n<p>La capacidad de controlar la iluminaci\u00f3n, la temperatura y la seguridad desde un dispositivo m\u00f3vil crea una experiencia de vida m\u00e1s c\u00f3moda y segura, lo que es crucial en el mundo post-pand\u00e9mico. <\/p>\n<p>Adem\u00e1s, la pandemia ha despertado un mayor inter\u00e9s en la salud y el bienestar, lo que a su vez ha influido en el dise\u00f1o de espacios que promueven la calidad del aire y la luz natural. <\/p>\n<p>Las casas del futuro muy probablemente incorporar\u00e1n jardines interiores, materiales ecol\u00f3gicos y soluciones de dise\u00f1o que fomenten un estilo de vida saludable. <\/p>\n<p>A medida que la sociedad se adapta a las nuevas realidades, el reto que enfrenta la arquitectura ser\u00e1 asegurar que cada proyecto refleje no solo las necesidades de sus ocupantes, sino tambi\u00e9n su salud mental y bienestar emocional. <\/p>\n<p>A su vez, la sostenibilidad no es solamente una tendencia, sino una necesidad que se ha vuelto central en la planificaci\u00f3n de nuevas viviendas. <\/p>\n<p>La adopci\u00f3n de pr\u00e1cticas sustentables no solo responde a una demanda del mercado, sino que tambi\u00e9n se convierte en una responsabilidad \u00e9tica ante el desaf\u00edo del cambio clim\u00e1tico. <\/p>\n<p>Las comunidades residenciales del futuro est\u00e1n destinadas a ser m\u00e1s que espacios habitables; estas comunidades se har\u00e1n eco de la conciencia colectiva global sobre el medio ambiente, transformando c\u00f3mo se construyen y habitan los espacios. <\/p>\n<p>La arquitectura digital ser\u00e1 la clave para dise\u00f1ar no solo edificios individuales, sino comunidades enteras que sean resilientes, sostenibles y en armon\u00eda con su entorno. <\/p>\n<p>En conclusi\u00f3n, el futuro de los espacios residenciales post-pandemia es un campo en evoluci\u00f3n, que se nutre de la innovaci\u00f3n y la adaptabilidad. <\/p>\n<p>La arquitectura digital juega un rol esencial en la creaci\u00f3n de h\u00e1bitats que no solo satisfacen las necesidades funcionales, sino que tambi\u00e9n ofrecen un sentido de bienestar y pertenencia. <\/p>\n<p>Como arquitecto, es fundamental estar en la vanguardia de estas tendencias para poder generar espacios que respondan a los cambios sociales y tecnol\u00f3gicos que estamos viviendo. <\/p>\n<p>Para m\u00e1s informaci\u00f3n, contacta a Arq. Arturo Garc\u00eda Castellanos al correo contacto@arga.com.mx o al tel\u00e9fono 55 2887 8750.<\/p>\n","protected":false},"excerpt":{"rendered":"<p>En las \u00faltimas d\u00e9cadas, la arquitectura ha experimentado una transformaci\u00f3n radical, impulsada por la tecnolog\u00eda y los cambios en las din\u00e1micas sociales. La pandemia del COVID-19 ha acelerado estos cambios, obligando a repensar los espacios residenciales de una manera que anteriormente s\u00f3lo se hab\u00eda imaginado en teor\u00eda. Hoy m\u00e1s que nunca, los hogares se han&#8230;<\/p>\n","protected":false},"author":1,"featured_media":231,"comment_status":"open","ping_status":"open","sticky":false,"template":"","format":"standard","meta":{"nf_dc_page":"","om_disable_all_campaigns":false,"_jetpack_memberships_contains_paid_content":false,"footnotes":""},"categories":[1],"tags":[],"class_list":["post-232","post","type-post","status-publish","format-standard","has-post-thumbnail","hentry","category-arquitecto"],"yoast_head":"<!-- This site is optimized with the Yoast SEO plugin v27.5 - https:\/\/yoast.com\/product\/yoast-seo-wordpress\/ -->\n<title>El futuro de los espacios residenciales post-pandemia - Arquitectura Gaceta<\/title>\n<meta name=\"description\" content=\"El futuro de los espacios residenciales post-pandemia Arquitectura Gaceta\" \/>\n<meta name=\"robots\" content=\"index, follow, max-snippet:-1, max-image-preview:large, max-video-preview:-1\" \/>\n<link rel=\"canonical\" href=\"https:\/\/arga.com.mx\/blog\/2024\/09\/30\/el-futuro-de-los-espacios-residenciales-post-pandemia\/\" \/>\n<meta property=\"og:locale\" content=\"es_MX\" \/>\n<meta property=\"og:type\" content=\"article\" \/>\n<meta property=\"og:title\" content=\"El futuro de los espacios residenciales post-pandemia - Arquitectura Gaceta\" \/>\n<meta property=\"og:description\" content=\"El futuro de los espacios residenciales post-pandemia Arquitectura Gaceta\" \/>\n<meta property=\"og:url\" content=\"https:\/\/arga.com.mx\/blog\/2024\/09\/30\/el-futuro-de-los-espacios-residenciales-post-pandemia\/\" \/>\n<meta property=\"og:site_name\" content=\"Arquitectura Gaceta\" \/>\n<meta property=\"article:publisher\" content=\"https:\/\/www.facebook.com\/ARGAArchitecture\" \/>\n<meta property=\"article:published_time\" content=\"2024-09-30T21:58:59+00:00\" \/>\n<meta name=\"author\" content=\"admin\" \/>\n<meta name=\"twitter:card\" content=\"summary_large_image\" \/>\n<meta name=\"twitter:label1\" content=\"Escrito por\" \/>\n\t<meta name=\"twitter:data1\" content=\"admin\" \/>\n\t<meta name=\"twitter:label2\" content=\"Tiempo de lectura\" \/>\n\t<meta name=\"twitter:data2\" content=\"3 minutos\" \/>\n<script type=\"application\/ld+json\" class=\"yoast-schema-graph\">{\"@context\":\"https:\\\/\\\/schema.org\",\"@graph\":[{\"@type\":\"Article\",\"@id\":\"https:\\\/\\\/arga.com.mx\\\/blog\\\/2024\\\/09\\\/30\\\/el-futuro-de-los-espacios-residenciales-post-pandemia\\\/#article\",\"isPartOf\":{\"@id\":\"https:\\\/\\\/arga.com.mx\\\/blog\\\/2024\\\/09\\\/30\\\/el-futuro-de-los-espacios-residenciales-post-pandemia\\\/\"},\"author\":{\"name\":\"admin\",\"@id\":\"https:\\\/\\\/arga.com.mx\\\/blog\\\/#\\\/schema\\\/person\\\/f175f8d81f44be7ec3020f1a3a9b7e23\"},\"headline\":\"El futuro de los espacios residenciales post-pandemia\",\"datePublished\":\"2024-09-30T21:58:59+00:00\",\"mainEntityOfPage\":{\"@id\":\"https:\\\/\\\/arga.com.mx\\\/blog\\\/2024\\\/09\\\/30\\\/el-futuro-de-los-espacios-residenciales-post-pandemia\\\/\"},\"wordCount\":642,\"commentCount\":0,\"publisher\":{\"@id\":\"https:\\\/\\\/arga.com.mx\\\/blog\\\/#organization\"},\"image\":{\"@id\":\"https:\\\/\\\/arga.com.mx\\\/blog\\\/2024\\\/09\\\/30\\\/el-futuro-de-los-espacios-residenciales-post-pandemia\\\/#primaryimage\"},\"thumbnailUrl\":\"https:\\\/\\\/i0.wp.com\\\/arga.com.mx\\\/blog\\\/wp-content\\\/uploads\\\/2024\\\/09\\\/imagen-97.png?fit=1024%2C1024&ssl=1\",\"articleSection\":[\"Arquitecto\"],\"inLanguage\":\"es\",\"potentialAction\":[{\"@type\":\"CommentAction\",\"name\":\"Comment\",\"target\":[\"https:\\\/\\\/arga.com.mx\\\/blog\\\/2024\\\/09\\\/30\\\/el-futuro-de-los-espacios-residenciales-post-pandemia\\\/#respond\"]}]},{\"@type\":\"WebPage\",\"@id\":\"https:\\\/\\\/arga.com.mx\\\/blog\\\/2024\\\/09\\\/30\\\/el-futuro-de-los-espacios-residenciales-post-pandemia\\\/\",\"url\":\"https:\\\/\\\/arga.com.mx\\\/blog\\\/2024\\\/09\\\/30\\\/el-futuro-de-los-espacios-residenciales-post-pandemia\\\/\",\"name\":\"El futuro de los espacios residenciales post-pandemia - Arquitectura Gaceta\",\"isPartOf\":{\"@id\":\"https:\\\/\\\/arga.com.mx\\\/blog\\\/#website\"},\"primaryImageOfPage\":{\"@id\":\"https:\\\/\\\/arga.com.mx\\\/blog\\\/2024\\\/09\\\/30\\\/el-futuro-de-los-espacios-residenciales-post-pandemia\\\/#primaryimage\"},\"image\":{\"@id\":\"https:\\\/\\\/arga.com.mx\\\/blog\\\/2024\\\/09\\\/30\\\/el-futuro-de-los-espacios-residenciales-post-pandemia\\\/#primaryimage\"},\"thumbnailUrl\":\"https:\\\/\\\/i0.wp.com\\\/arga.com.mx\\\/blog\\\/wp-content\\\/uploads\\\/2024\\\/09\\\/imagen-97.png?fit=1024%2C1024&ssl=1\",\"datePublished\":\"2024-09-30T21:58:59+00:00\",\"description\":\"El futuro de los espacios residenciales post-pandemia Arquitectura Gaceta\",\"breadcrumb\":{\"@id\":\"https:\\\/\\\/arga.com.mx\\\/blog\\\/2024\\\/09\\\/30\\\/el-futuro-de-los-espacios-residenciales-post-pandemia\\\/#breadcrumb\"},\"inLanguage\":\"es\",\"potentialAction\":[{\"@type\":\"ReadAction\",\"target\":[\"https:\\\/\\\/arga.com.mx\\\/blog\\\/2024\\\/09\\\/30\\\/el-futuro-de-los-espacios-residenciales-post-pandemia\\\/\"]}]},{\"@type\":\"ImageObject\",\"inLanguage\":\"es\",\"@id\":\"https:\\\/\\\/arga.com.mx\\\/blog\\\/2024\\\/09\\\/30\\\/el-futuro-de-los-espacios-residenciales-post-pandemia\\\/#primaryimage\",\"url\":\"https:\\\/\\\/i0.wp.com\\\/arga.com.mx\\\/blog\\\/wp-content\\\/uploads\\\/2024\\\/09\\\/imagen-97.png?fit=1024%2C1024&ssl=1\",\"contentUrl\":\"https:\\\/\\\/i0.wp.com\\\/arga.com.mx\\\/blog\\\/wp-content\\\/uploads\\\/2024\\\/09\\\/imagen-97.png?fit=1024%2C1024&ssl=1\",\"width\":1024,\"height\":1024},{\"@type\":\"BreadcrumbList\",\"@id\":\"https:\\\/\\\/arga.com.mx\\\/blog\\\/2024\\\/09\\\/30\\\/el-futuro-de-los-espacios-residenciales-post-pandemia\\\/#breadcrumb\",\"itemListElement\":[{\"@type\":\"ListItem\",\"position\":1,\"name\":\"Home\",\"item\":\"https:\\\/\\\/arga.com.mx\\\/blog\\\/\"},{\"@type\":\"ListItem\",\"position\":2,\"name\":\"El futuro de los espacios residenciales post-pandemia\"}]},{\"@type\":\"WebSite\",\"@id\":\"https:\\\/\\\/arga.com.mx\\\/blog\\\/#website\",\"url\":\"https:\\\/\\\/arga.com.mx\\\/blog\\\/\",\"name\":\"Arquitecto en M\u00e9xico cdmx\",\"description\":\"El blog del Arquitecto en M\u00e9xico por Arturo Garcia\",\"publisher\":{\"@id\":\"https:\\\/\\\/arga.com.mx\\\/blog\\\/#organization\"},\"potentialAction\":[{\"@type\":\"SearchAction\",\"target\":{\"@type\":\"EntryPoint\",\"urlTemplate\":\"https:\\\/\\\/arga.com.mx\\\/blog\\\/?s={search_term_string}\"},\"query-input\":{\"@type\":\"PropertyValueSpecification\",\"valueRequired\":true,\"valueName\":\"search_term_string\"}}],\"inLanguage\":\"es\"},{\"@type\":\"Organization\",\"@id\":\"https:\\\/\\\/arga.com.mx\\\/blog\\\/#organization\",\"name\":\"Arquitecto en M\u00e9xico cdmx\",\"url\":\"https:\\\/\\\/arga.com.mx\\\/blog\\\/\",\"logo\":{\"@type\":\"ImageObject\",\"inLanguage\":\"es\",\"@id\":\"https:\\\/\\\/arga.com.mx\\\/blog\\\/#\\\/schema\\\/logo\\\/image\\\/\",\"url\":\"https:\\\/\\\/i0.wp.com\\\/arga.com.mx\\\/blog\\\/wp-content\\\/uploads\\\/2024\\\/09\\\/banner-blog-1-1.png?fit=1123%2C342&ssl=1\",\"contentUrl\":\"https:\\\/\\\/i0.wp.com\\\/arga.com.mx\\\/blog\\\/wp-content\\\/uploads\\\/2024\\\/09\\\/banner-blog-1-1.png?fit=1123%2C342&ssl=1\",\"width\":1123,\"height\":342,\"caption\":\"Arquitecto en M\u00e9xico cdmx\"},\"image\":{\"@id\":\"https:\\\/\\\/arga.com.mx\\\/blog\\\/#\\\/schema\\\/logo\\\/image\\\/\"},\"sameAs\":[\"https:\\\/\\\/www.facebook.com\\\/ARGAArchitecture\"]},{\"@type\":\"Person\",\"@id\":\"https:\\\/\\\/arga.com.mx\\\/blog\\\/#\\\/schema\\\/person\\\/f175f8d81f44be7ec3020f1a3a9b7e23\",\"name\":\"admin\",\"image\":{\"@type\":\"ImageObject\",\"inLanguage\":\"es\",\"@id\":\"https:\\\/\\\/secure.gravatar.com\\\/avatar\\\/b3e3e019b326b4209d932274e7c6a1ad517fe99e9562c2fdf8de71f456a3ab84?s=96&d=mm&r=g\",\"url\":\"https:\\\/\\\/secure.gravatar.com\\\/avatar\\\/b3e3e019b326b4209d932274e7c6a1ad517fe99e9562c2fdf8de71f456a3ab84?s=96&d=mm&r=g\",\"contentUrl\":\"https:\\\/\\\/secure.gravatar.com\\\/avatar\\\/b3e3e019b326b4209d932274e7c6a1ad517fe99e9562c2fdf8de71f456a3ab84?s=96&d=mm&r=g\",\"caption\":\"admin\"},\"sameAs\":[\"https:\\\/\\\/arga.com.mx\\\/blog\"],\"url\":\"https:\\\/\\\/arga.com.mx\\\/blog\\\/author\\\/admin\\\/\"}]}<\/script>\n<!-- \/ Yoast SEO plugin. -->","yoast_head_json":{"title":"El futuro de los espacios residenciales post-pandemia - Arquitectura Gaceta","description":"El futuro de los espacios residenciales post-pandemia Arquitectura Gaceta","robots":{"index":"index","follow":"follow","max-snippet":"max-snippet:-1","max-image-preview":"max-image-preview:large","max-video-preview":"max-video-preview:-1"},"canonical":"https:\/\/arga.com.mx\/blog\/2024\/09\/30\/el-futuro-de-los-espacios-residenciales-post-pandemia\/","og_locale":"es_MX","og_type":"article","og_title":"El futuro de los espacios residenciales post-pandemia - Arquitectura Gaceta","og_description":"El futuro de los espacios residenciales post-pandemia Arquitectura Gaceta","og_url":"https:\/\/arga.com.mx\/blog\/2024\/09\/30\/el-futuro-de-los-espacios-residenciales-post-pandemia\/","og_site_name":"Arquitectura Gaceta","article_publisher":"https:\/\/www.facebook.com\/ARGAArchitecture","article_published_time":"2024-09-30T21:58:59+00:00","author":"admin","twitter_card":"summary_large_image","twitter_misc":{"Escrito por":"admin","Tiempo de lectura":"3 minutos"},"schema":{"@context":"https:\/\/schema.org","@graph":[{"@type":"Article","@id":"https:\/\/arga.com.mx\/blog\/2024\/09\/30\/el-futuro-de-los-espacios-residenciales-post-pandemia\/#article","isPartOf":{"@id":"https:\/\/arga.com.mx\/blog\/2024\/09\/30\/el-futuro-de-los-espacios-residenciales-post-pandemia\/"},"author":{"name":"admin","@id":"https:\/\/arga.com.mx\/blog\/#\/schema\/person\/f175f8d81f44be7ec3020f1a3a9b7e23"},"headline":"El futuro de los espacios residenciales post-pandemia","datePublished":"2024-09-30T21:58:59+00:00","mainEntityOfPage":{"@id":"https:\/\/arga.com.mx\/blog\/2024\/09\/30\/el-futuro-de-los-espacios-residenciales-post-pandemia\/"},"wordCount":642,"commentCount":0,"publisher":{"@id":"https:\/\/arga.com.mx\/blog\/#organization"},"image":{"@id":"https:\/\/arga.com.mx\/blog\/2024\/09\/30\/el-futuro-de-los-espacios-residenciales-post-pandemia\/#primaryimage"},"thumbnailUrl":"https:\/\/i0.wp.com\/arga.com.mx\/blog\/wp-content\/uploads\/2024\/09\/imagen-97.png?fit=1024%2C1024&ssl=1","articleSection":["Arquitecto"],"inLanguage":"es","potentialAction":[{"@type":"CommentAction","name":"Comment","target":["https:\/\/arga.com.mx\/blog\/2024\/09\/30\/el-futuro-de-los-espacios-residenciales-post-pandemia\/#respond"]}]},{"@type":"WebPage","@id":"https:\/\/arga.com.mx\/blog\/2024\/09\/30\/el-futuro-de-los-espacios-residenciales-post-pandemia\/","url":"https:\/\/arga.com.mx\/blog\/2024\/09\/30\/el-futuro-de-los-espacios-residenciales-post-pandemia\/","name":"El futuro de los espacios residenciales post-pandemia - Arquitectura Gaceta","isPartOf":{"@id":"https:\/\/arga.com.mx\/blog\/#website"},"primaryImageOfPage":{"@id":"https:\/\/arga.com.mx\/blog\/2024\/09\/30\/el-futuro-de-los-espacios-residenciales-post-pandemia\/#primaryimage"},"image":{"@id":"https:\/\/arga.com.mx\/blog\/2024\/09\/30\/el-futuro-de-los-espacios-residenciales-post-pandemia\/#primaryimage"},"thumbnailUrl":"https:\/\/i0.wp.com\/arga.com.mx\/blog\/wp-content\/uploads\/2024\/09\/imagen-97.png?fit=1024%2C1024&ssl=1","datePublished":"2024-09-30T21:58:59+00:00","description":"El futuro de los espacios residenciales post-pandemia Arquitectura Gaceta","breadcrumb":{"@id":"https:\/\/arga.com.mx\/blog\/2024\/09\/30\/el-futuro-de-los-espacios-residenciales-post-pandemia\/#breadcrumb"},"inLanguage":"es","potentialAction":[{"@type":"ReadAction","target":["https:\/\/arga.com.mx\/blog\/2024\/09\/30\/el-futuro-de-los-espacios-residenciales-post-pandemia\/"]}]},{"@type":"ImageObject","inLanguage":"es","@id":"https:\/\/arga.com.mx\/blog\/2024\/09\/30\/el-futuro-de-los-espacios-residenciales-post-pandemia\/#primaryimage","url":"https:\/\/i0.wp.com\/arga.com.mx\/blog\/wp-content\/uploads\/2024\/09\/imagen-97.png?fit=1024%2C1024&ssl=1","contentUrl":"https:\/\/i0.wp.com\/arga.com.mx\/blog\/wp-content\/uploads\/2024\/09\/imagen-97.png?fit=1024%2C1024&ssl=1","width":1024,"height":1024},{"@type":"BreadcrumbList","@id":"https:\/\/arga.com.mx\/blog\/2024\/09\/30\/el-futuro-de-los-espacios-residenciales-post-pandemia\/#breadcrumb","itemListElement":[{"@type":"ListItem","position":1,"name":"Home","item":"https:\/\/arga.com.mx\/blog\/"},{"@type":"ListItem","position":2,"name":"El futuro de los espacios residenciales post-pandemia"}]},{"@type":"WebSite","@id":"https:\/\/arga.com.mx\/blog\/#website","url":"https:\/\/arga.com.mx\/blog\/","name":"Arquitecto en M\u00e9xico cdmx","description":"El blog del Arquitecto en M\u00e9xico por Arturo Garcia","publisher":{"@id":"https:\/\/arga.com.mx\/blog\/#organization"},"potentialAction":[{"@type":"SearchAction","target":{"@type":"EntryPoint","urlTemplate":"https:\/\/arga.com.mx\/blog\/?s={search_term_string}"},"query-input":{"@type":"PropertyValueSpecification","valueRequired":true,"valueName":"search_term_string"}}],"inLanguage":"es"},{"@type":"Organization","@id":"https:\/\/arga.com.mx\/blog\/#organization","name":"Arquitecto en M\u00e9xico cdmx","url":"https:\/\/arga.com.mx\/blog\/","logo":{"@type":"ImageObject","inLanguage":"es","@id":"https:\/\/arga.com.mx\/blog\/#\/schema\/logo\/image\/","url":"https:\/\/i0.wp.com\/arga.com.mx\/blog\/wp-content\/uploads\/2024\/09\/banner-blog-1-1.png?fit=1123%2C342&ssl=1","contentUrl":"https:\/\/i0.wp.com\/arga.com.mx\/blog\/wp-content\/uploads\/2024\/09\/banner-blog-1-1.png?fit=1123%2C342&ssl=1","width":1123,"height":342,"caption":"Arquitecto en M\u00e9xico cdmx"},"image":{"@id":"https:\/\/arga.com.mx\/blog\/#\/schema\/logo\/image\/"},"sameAs":["https:\/\/www.facebook.com\/ARGAArchitecture"]},{"@type":"Person","@id":"https:\/\/arga.com.mx\/blog\/#\/schema\/person\/f175f8d81f44be7ec3020f1a3a9b7e23","name":"admin","image":{"@type":"ImageObject","inLanguage":"es","@id":"https:\/\/secure.gravatar.com\/avatar\/b3e3e019b326b4209d932274e7c6a1ad517fe99e9562c2fdf8de71f456a3ab84?s=96&d=mm&r=g","url":"https:\/\/secure.gravatar.com\/avatar\/b3e3e019b326b4209d932274e7c6a1ad517fe99e9562c2fdf8de71f456a3ab84?s=96&d=mm&r=g","contentUrl":"https:\/\/secure.gravatar.com\/avatar\/b3e3e019b326b4209d932274e7c6a1ad517fe99e9562c2fdf8de71f456a3ab84?s=96&d=mm&r=g","caption":"admin"},"sameAs":["https:\/\/arga.com.mx\/blog"],"url":"https:\/\/arga.com.mx\/blog\/author\/admin\/"}]}},"jetpack_featured_media_url":"https:\/\/i0.wp.com\/arga.com.mx\/blog\/wp-content\/uploads\/2024\/09\/imagen-97.png?fit=1024%2C1024&ssl=1","jetpack_sharing_enabled":true,"_links":{"self":[{"href":"https:\/\/arga.com.mx\/blog\/wp-json\/wp\/v2\/posts\/232","targetHints":{"allow":["GET"]}}],"collection":[{"href":"https:\/\/arga.com.mx\/blog\/wp-json\/wp\/v2\/posts"}],"about":[{"href":"https:\/\/arga.com.mx\/blog\/wp-json\/wp\/v2\/types\/post"}],"author":[{"embeddable":true,"href":"https:\/\/arga.com.mx\/blog\/wp-json\/wp\/v2\/users\/1"}],"replies":[{"embeddable":true,"href":"https:\/\/arga.com.mx\/blog\/wp-json\/wp\/v2\/comments?post=232"}],"version-history":[{"count":0,"href":"https:\/\/arga.com.mx\/blog\/wp-json\/wp\/v2\/posts\/232\/revisions"}],"wp:featuredmedia":[{"embeddable":true,"href":"https:\/\/arga.com.mx\/blog\/wp-json\/wp\/v2\/media\/231"}],"wp:attachment":[{"href":"https:\/\/arga.com.mx\/blog\/wp-json\/wp\/v2\/media?parent=232"}],"wp:term":[{"taxonomy":"category","embeddable":true,"href":"https:\/\/arga.com.mx\/blog\/wp-json\/wp\/v2\/categories?post=232"},{"taxonomy":"post_tag","embeddable":true,"href":"https:\/\/arga.com.mx\/blog\/wp-json\/wp\/v2\/tags?post=232"}],"curies":[{"name":"wp","href":"https:\/\/api.w.org\/{rel}","templated":true}]}}