{"id":230,"date":"2024-09-30T15:58:14","date_gmt":"2024-09-30T21:58:14","guid":{"rendered":"https:\/\/arga.com.mx\/blog\/2024\/09\/30\/biotecnologia-y-arquitectura-digital-innovacion-en-diseno\/"},"modified":"2024-09-30T15:58:14","modified_gmt":"2024-09-30T21:58:14","slug":"biotecnologia-y-arquitectura-digital-innovacion-en-diseno","status":"publish","type":"post","link":"https:\/\/arga.com.mx\/blog\/2024\/09\/30\/biotecnologia-y-arquitectura-digital-innovacion-en-diseno\/","title":{"rendered":"Biotecnolog\u00eda y Arquitectura Digital: Innovaci\u00f3n en Dise\u00f1o"},"content":{"rendered":"<p>La integraci\u00f3n de la biotecnolog\u00eda en el dise\u00f1o arquitect\u00f3nico digital representa un avance significativo en la manera en que concebimos y construimos nuestros espacios. A medida que el mundo enfrenta desaf\u00edos ambientales y de sostenibilidad, la biotecnolog\u00eda ofrece soluciones innovadoras que pueden transformar la arquitectura moderna.<\/p>\n<p>La biotecnolog\u00eda se refiere al uso de organismos vivos y sistemas biol\u00f3gicos para desarrollar productos y procesos que mejoren nuestras vidas. En el \u00e1mbito de la arquitectura, esta disciplina permite la creaci\u00f3n de materiales sostenibles que son tanto funcionales como est\u00e9ticamente agradables. Por ejemplo, el uso de hormig\u00f3n bio-reactivo, que contiene bacterias que precipitan minerales, puede reparar autom\u00e1ticamente grietas y prolongar la vida \u00fatil de las estructuras.<\/p>\n<p>Adem\u00e1s de los materiales, la biotecnolog\u00eda tambi\u00e9n se ve reflejada en el dise\u00f1o de espacios que promueven la salud y el bienestar. La integraci\u00f3n de jardines verticales y techos verdes, que utilizan plantas vivas para mejorar la calidad del aire y reducir la temperatura urbana, es una pr\u00e1ctica cada vez m\u00e1s com\u00fan que ilustra c\u00f3mo la arquitectura puede beneficiarse de los procesos biol\u00f3gicos.<\/p>\n<p>La arquitectura digital complementa estos enfoques al permitir el modelado y la simulaci\u00f3n de c\u00f3mo los elementos biotecnol\u00f3gicos se integrar\u00e1n en un espacio. Las herramientas de dise\u00f1o asistido por computadora (CAD) y la impresi\u00f3n 3D facilitan la creaci\u00f3n de estructuras complejas que incorporar diferentes aspectos de la biotecnolog\u00eda. Por ejemplo, arquitectos y dise\u00f1adores pueden utilizar software avanzado para visualizar y prever el comportamiento de los materiales vivos en diferentes condiciones ambientales.<\/p>\n<p>La sinergia entre biotecnolog\u00eda y dise\u00f1o arquitect\u00f3nico no solo redefine los l\u00edmites de lo que es posible en construcci\u00f3n, sino que tambi\u00e9n plantea preguntas \u00e9ticas y filos\u00f3ficas sobre nuestra relaci\u00f3n con la naturaleza. \u00bfHasta qu\u00e9 punto deber\u00edamos confiar en la tecnolog\u00eda y la ciencia para modificar y definir nuestros entornos? La respuesta no es sencilla, pero lo que est\u00e1 claro es que la biotecnolog\u00eda tiene el potencial de empoderar a los arquitectos para dise\u00f1ar de manera m\u00e1s responsable y efectiva.<\/p>\n<p>En conclusi\u00f3n, la biotecnolog\u00eda en la arquitectura digital representa un campo emergente y lleno de posibilidades. Con el advenimiento de nuevas tecnolog\u00edas y un mayor enfoque en la sostenibilidad, el futuro de la arquitectura parece prometedor. La colaboraci\u00f3n entre cient\u00edficos, arquitectos y dise\u00f1adores es esencial para llevar estas ideas a la pr\u00e1ctica y contribuir a un desarrollo urbano m\u00e1s consciente.<\/p>\n<p>Para m\u00e1s informaci\u00f3n sobre el tema o si desea discutir su proyecto arquitect\u00f3nico, no dude en contactar al Arq. Arturo Garc\u00eda Castellanos al correo contacto@arga.com.mx o al tel\u00e9fono 55 2887 8750.<\/p>\n","protected":false},"excerpt":{"rendered":"<p>La integraci\u00f3n de la biotecnolog\u00eda en el dise\u00f1o arquitect\u00f3nico digital representa un avance significativo en la manera en que concebimos y construimos nuestros espacios. A medida que el mundo enfrenta desaf\u00edos ambientales y de sostenibilidad, la biotecnolog\u00eda ofrece soluciones innovadoras que pueden transformar la arquitectura moderna. La biotecnolog\u00eda se refiere al uso de organismos vivos&#8230;<\/p>\n","protected":false},"author":1,"featured_media":229,"comment_status":"open","ping_status":"open","sticky":false,"template":"","format":"standard","meta":{"nf_dc_page":"","om_disable_all_campaigns":false,"_jetpack_memberships_contains_paid_content":false,"footnotes":""},"categories":[1],"tags":[],"class_list":["post-230","post","type-post","status-publish","format-standard","has-post-thumbnail","hentry","category-arquitecto"],"yoast_head":"<!-- This site is optimized with the Yoast SEO plugin v27.5 - https:\/\/yoast.com\/product\/yoast-seo-wordpress\/ -->\n<title>Biotecnolog\u00eda y Arquitectura Digital: Innovaci\u00f3n en Dise\u00f1o - Arquitectura Gaceta<\/title>\n<meta name=\"description\" content=\"Biotecnolog\u00eda y Arquitectura Digital: Innovaci\u00f3n en Dise\u00f1o Arquitectura Gaceta\" \/>\n<meta name=\"robots\" content=\"index, follow, max-snippet:-1, max-image-preview:large, max-video-preview:-1\" \/>\n<link rel=\"canonical\" href=\"https:\/\/arga.com.mx\/blog\/2024\/09\/30\/biotecnologia-y-arquitectura-digital-innovacion-en-diseno\/\" \/>\n<meta property=\"og:locale\" content=\"es_MX\" \/>\n<meta property=\"og:type\" content=\"article\" \/>\n<meta property=\"og:title\" content=\"Biotecnolog\u00eda y Arquitectura Digital: Innovaci\u00f3n en Dise\u00f1o - Arquitectura Gaceta\" \/>\n<meta property=\"og:description\" content=\"Biotecnolog\u00eda y Arquitectura Digital: Innovaci\u00f3n en Dise\u00f1o Arquitectura Gaceta\" \/>\n<meta property=\"og:url\" content=\"https:\/\/arga.com.mx\/blog\/2024\/09\/30\/biotecnologia-y-arquitectura-digital-innovacion-en-diseno\/\" \/>\n<meta property=\"og:site_name\" content=\"Arquitectura Gaceta\" \/>\n<meta property=\"article:publisher\" content=\"https:\/\/www.facebook.com\/ARGAArchitecture\" \/>\n<meta property=\"article:published_time\" content=\"2024-09-30T21:58:14+00:00\" \/>\n<meta name=\"author\" content=\"admin\" \/>\n<meta name=\"twitter:card\" content=\"summary_large_image\" \/>\n<meta name=\"twitter:label1\" content=\"Escrito por\" \/>\n\t<meta name=\"twitter:data1\" content=\"admin\" \/>\n\t<meta name=\"twitter:label2\" content=\"Tiempo de lectura\" \/>\n\t<meta name=\"twitter:data2\" content=\"2 minutos\" \/>\n<script type=\"application\/ld+json\" class=\"yoast-schema-graph\">{\"@context\":\"https:\\\/\\\/schema.org\",\"@graph\":[{\"@type\":\"Article\",\"@id\":\"https:\\\/\\\/arga.com.mx\\\/blog\\\/2024\\\/09\\\/30\\\/biotecnologia-y-arquitectura-digital-innovacion-en-diseno\\\/#article\",\"isPartOf\":{\"@id\":\"https:\\\/\\\/arga.com.mx\\\/blog\\\/2024\\\/09\\\/30\\\/biotecnologia-y-arquitectura-digital-innovacion-en-diseno\\\/\"},\"author\":{\"name\":\"admin\",\"@id\":\"https:\\\/\\\/arga.com.mx\\\/blog\\\/#\\\/schema\\\/person\\\/f175f8d81f44be7ec3020f1a3a9b7e23\"},\"headline\":\"Biotecnolog\u00eda y Arquitectura Digital: Innovaci\u00f3n en Dise\u00f1o\",\"datePublished\":\"2024-09-30T21:58:14+00:00\",\"mainEntityOfPage\":{\"@id\":\"https:\\\/\\\/arga.com.mx\\\/blog\\\/2024\\\/09\\\/30\\\/biotecnologia-y-arquitectura-digital-innovacion-en-diseno\\\/\"},\"wordCount\":485,\"commentCount\":0,\"publisher\":{\"@id\":\"https:\\\/\\\/arga.com.mx\\\/blog\\\/#organization\"},\"image\":{\"@id\":\"https:\\\/\\\/arga.com.mx\\\/blog\\\/2024\\\/09\\\/30\\\/biotecnologia-y-arquitectura-digital-innovacion-en-diseno\\\/#primaryimage\"},\"thumbnailUrl\":\"https:\\\/\\\/i0.wp.com\\\/arga.com.mx\\\/blog\\\/wp-content\\\/uploads\\\/2024\\\/09\\\/imagen-96.png?fit=1024%2C1024&ssl=1\",\"articleSection\":[\"Arquitecto\"],\"inLanguage\":\"es\",\"potentialAction\":[{\"@type\":\"CommentAction\",\"name\":\"Comment\",\"target\":[\"https:\\\/\\\/arga.com.mx\\\/blog\\\/2024\\\/09\\\/30\\\/biotecnologia-y-arquitectura-digital-innovacion-en-diseno\\\/#respond\"]}]},{\"@type\":\"WebPage\",\"@id\":\"https:\\\/\\\/arga.com.mx\\\/blog\\\/2024\\\/09\\\/30\\\/biotecnologia-y-arquitectura-digital-innovacion-en-diseno\\\/\",\"url\":\"https:\\\/\\\/arga.com.mx\\\/blog\\\/2024\\\/09\\\/30\\\/biotecnologia-y-arquitectura-digital-innovacion-en-diseno\\\/\",\"name\":\"Biotecnolog\u00eda y Arquitectura Digital: Innovaci\u00f3n en Dise\u00f1o - Arquitectura Gaceta\",\"isPartOf\":{\"@id\":\"https:\\\/\\\/arga.com.mx\\\/blog\\\/#website\"},\"primaryImageOfPage\":{\"@id\":\"https:\\\/\\\/arga.com.mx\\\/blog\\\/2024\\\/09\\\/30\\\/biotecnologia-y-arquitectura-digital-innovacion-en-diseno\\\/#primaryimage\"},\"image\":{\"@id\":\"https:\\\/\\\/arga.com.mx\\\/blog\\\/2024\\\/09\\\/30\\\/biotecnologia-y-arquitectura-digital-innovacion-en-diseno\\\/#primaryimage\"},\"thumbnailUrl\":\"https:\\\/\\\/i0.wp.com\\\/arga.com.mx\\\/blog\\\/wp-content\\\/uploads\\\/2024\\\/09\\\/imagen-96.png?fit=1024%2C1024&ssl=1\",\"datePublished\":\"2024-09-30T21:58:14+00:00\",\"description\":\"Biotecnolog\u00eda y Arquitectura Digital: Innovaci\u00f3n en Dise\u00f1o Arquitectura Gaceta\",\"breadcrumb\":{\"@id\":\"https:\\\/\\\/arga.com.mx\\\/blog\\\/2024\\\/09\\\/30\\\/biotecnologia-y-arquitectura-digital-innovacion-en-diseno\\\/#breadcrumb\"},\"inLanguage\":\"es\",\"potentialAction\":[{\"@type\":\"ReadAction\",\"target\":[\"https:\\\/\\\/arga.com.mx\\\/blog\\\/2024\\\/09\\\/30\\\/biotecnologia-y-arquitectura-digital-innovacion-en-diseno\\\/\"]}]},{\"@type\":\"ImageObject\",\"inLanguage\":\"es\",\"@id\":\"https:\\\/\\\/arga.com.mx\\\/blog\\\/2024\\\/09\\\/30\\\/biotecnologia-y-arquitectura-digital-innovacion-en-diseno\\\/#primaryimage\",\"url\":\"https:\\\/\\\/i0.wp.com\\\/arga.com.mx\\\/blog\\\/wp-content\\\/uploads\\\/2024\\\/09\\\/imagen-96.png?fit=1024%2C1024&ssl=1\",\"contentUrl\":\"https:\\\/\\\/i0.wp.com\\\/arga.com.mx\\\/blog\\\/wp-content\\\/uploads\\\/2024\\\/09\\\/imagen-96.png?fit=1024%2C1024&ssl=1\",\"width\":1024,\"height\":1024},{\"@type\":\"BreadcrumbList\",\"@id\":\"https:\\\/\\\/arga.com.mx\\\/blog\\\/2024\\\/09\\\/30\\\/biotecnologia-y-arquitectura-digital-innovacion-en-diseno\\\/#breadcrumb\",\"itemListElement\":[{\"@type\":\"ListItem\",\"position\":1,\"name\":\"Home\",\"item\":\"https:\\\/\\\/arga.com.mx\\\/blog\\\/\"},{\"@type\":\"ListItem\",\"position\":2,\"name\":\"Biotecnolog\u00eda y Arquitectura Digital: Innovaci\u00f3n en Dise\u00f1o\"}]},{\"@type\":\"WebSite\",\"@id\":\"https:\\\/\\\/arga.com.mx\\\/blog\\\/#website\",\"url\":\"https:\\\/\\\/arga.com.mx\\\/blog\\\/\",\"name\":\"Arquitecto en M\u00e9xico cdmx\",\"description\":\"El blog del Arquitecto en M\u00e9xico por Arturo Garcia\",\"publisher\":{\"@id\":\"https:\\\/\\\/arga.com.mx\\\/blog\\\/#organization\"},\"potentialAction\":[{\"@type\":\"SearchAction\",\"target\":{\"@type\":\"EntryPoint\",\"urlTemplate\":\"https:\\\/\\\/arga.com.mx\\\/blog\\\/?s={search_term_string}\"},\"query-input\":{\"@type\":\"PropertyValueSpecification\",\"valueRequired\":true,\"valueName\":\"search_term_string\"}}],\"inLanguage\":\"es\"},{\"@type\":\"Organization\",\"@id\":\"https:\\\/\\\/arga.com.mx\\\/blog\\\/#organization\",\"name\":\"Arquitecto en M\u00e9xico cdmx\",\"url\":\"https:\\\/\\\/arga.com.mx\\\/blog\\\/\",\"logo\":{\"@type\":\"ImageObject\",\"inLanguage\":\"es\",\"@id\":\"https:\\\/\\\/arga.com.mx\\\/blog\\\/#\\\/schema\\\/logo\\\/image\\\/\",\"url\":\"https:\\\/\\\/i0.wp.com\\\/arga.com.mx\\\/blog\\\/wp-content\\\/uploads\\\/2024\\\/09\\\/banner-blog-1-1.png?fit=1123%2C342&ssl=1\",\"contentUrl\":\"https:\\\/\\\/i0.wp.com\\\/arga.com.mx\\\/blog\\\/wp-content\\\/uploads\\\/2024\\\/09\\\/banner-blog-1-1.png?fit=1123%2C342&ssl=1\",\"width\":1123,\"height\":342,\"caption\":\"Arquitecto en M\u00e9xico cdmx\"},\"image\":{\"@id\":\"https:\\\/\\\/arga.com.mx\\\/blog\\\/#\\\/schema\\\/logo\\\/image\\\/\"},\"sameAs\":[\"https:\\\/\\\/www.facebook.com\\\/ARGAArchitecture\"]},{\"@type\":\"Person\",\"@id\":\"https:\\\/\\\/arga.com.mx\\\/blog\\\/#\\\/schema\\\/person\\\/f175f8d81f44be7ec3020f1a3a9b7e23\",\"name\":\"admin\",\"image\":{\"@type\":\"ImageObject\",\"inLanguage\":\"es\",\"@id\":\"https:\\\/\\\/secure.gravatar.com\\\/avatar\\\/b3e3e019b326b4209d932274e7c6a1ad517fe99e9562c2fdf8de71f456a3ab84?s=96&d=mm&r=g\",\"url\":\"https:\\\/\\\/secure.gravatar.com\\\/avatar\\\/b3e3e019b326b4209d932274e7c6a1ad517fe99e9562c2fdf8de71f456a3ab84?s=96&d=mm&r=g\",\"contentUrl\":\"https:\\\/\\\/secure.gravatar.com\\\/avatar\\\/b3e3e019b326b4209d932274e7c6a1ad517fe99e9562c2fdf8de71f456a3ab84?s=96&d=mm&r=g\",\"caption\":\"admin\"},\"sameAs\":[\"https:\\\/\\\/arga.com.mx\\\/blog\"],\"url\":\"https:\\\/\\\/arga.com.mx\\\/blog\\\/author\\\/admin\\\/\"}]}<\/script>\n<!-- \/ Yoast SEO plugin. -->","yoast_head_json":{"title":"Biotecnolog\u00eda y Arquitectura Digital: Innovaci\u00f3n en Dise\u00f1o - Arquitectura Gaceta","description":"Biotecnolog\u00eda y Arquitectura Digital: Innovaci\u00f3n en Dise\u00f1o Arquitectura Gaceta","robots":{"index":"index","follow":"follow","max-snippet":"max-snippet:-1","max-image-preview":"max-image-preview:large","max-video-preview":"max-video-preview:-1"},"canonical":"https:\/\/arga.com.mx\/blog\/2024\/09\/30\/biotecnologia-y-arquitectura-digital-innovacion-en-diseno\/","og_locale":"es_MX","og_type":"article","og_title":"Biotecnolog\u00eda y Arquitectura Digital: Innovaci\u00f3n en Dise\u00f1o - Arquitectura Gaceta","og_description":"Biotecnolog\u00eda y Arquitectura Digital: Innovaci\u00f3n en Dise\u00f1o Arquitectura Gaceta","og_url":"https:\/\/arga.com.mx\/blog\/2024\/09\/30\/biotecnologia-y-arquitectura-digital-innovacion-en-diseno\/","og_site_name":"Arquitectura Gaceta","article_publisher":"https:\/\/www.facebook.com\/ARGAArchitecture","article_published_time":"2024-09-30T21:58:14+00:00","author":"admin","twitter_card":"summary_large_image","twitter_misc":{"Escrito por":"admin","Tiempo de lectura":"2 minutos"},"schema":{"@context":"https:\/\/schema.org","@graph":[{"@type":"Article","@id":"https:\/\/arga.com.mx\/blog\/2024\/09\/30\/biotecnologia-y-arquitectura-digital-innovacion-en-diseno\/#article","isPartOf":{"@id":"https:\/\/arga.com.mx\/blog\/2024\/09\/30\/biotecnologia-y-arquitectura-digital-innovacion-en-diseno\/"},"author":{"name":"admin","@id":"https:\/\/arga.com.mx\/blog\/#\/schema\/person\/f175f8d81f44be7ec3020f1a3a9b7e23"},"headline":"Biotecnolog\u00eda y Arquitectura Digital: Innovaci\u00f3n en Dise\u00f1o","datePublished":"2024-09-30T21:58:14+00:00","mainEntityOfPage":{"@id":"https:\/\/arga.com.mx\/blog\/2024\/09\/30\/biotecnologia-y-arquitectura-digital-innovacion-en-diseno\/"},"wordCount":485,"commentCount":0,"publisher":{"@id":"https:\/\/arga.com.mx\/blog\/#organization"},"image":{"@id":"https:\/\/arga.com.mx\/blog\/2024\/09\/30\/biotecnologia-y-arquitectura-digital-innovacion-en-diseno\/#primaryimage"},"thumbnailUrl":"https:\/\/i0.wp.com\/arga.com.mx\/blog\/wp-content\/uploads\/2024\/09\/imagen-96.png?fit=1024%2C1024&ssl=1","articleSection":["Arquitecto"],"inLanguage":"es","potentialAction":[{"@type":"CommentAction","name":"Comment","target":["https:\/\/arga.com.mx\/blog\/2024\/09\/30\/biotecnologia-y-arquitectura-digital-innovacion-en-diseno\/#respond"]}]},{"@type":"WebPage","@id":"https:\/\/arga.com.mx\/blog\/2024\/09\/30\/biotecnologia-y-arquitectura-digital-innovacion-en-diseno\/","url":"https:\/\/arga.com.mx\/blog\/2024\/09\/30\/biotecnologia-y-arquitectura-digital-innovacion-en-diseno\/","name":"Biotecnolog\u00eda y Arquitectura Digital: Innovaci\u00f3n en Dise\u00f1o - Arquitectura Gaceta","isPartOf":{"@id":"https:\/\/arga.com.mx\/blog\/#website"},"primaryImageOfPage":{"@id":"https:\/\/arga.com.mx\/blog\/2024\/09\/30\/biotecnologia-y-arquitectura-digital-innovacion-en-diseno\/#primaryimage"},"image":{"@id":"https:\/\/arga.com.mx\/blog\/2024\/09\/30\/biotecnologia-y-arquitectura-digital-innovacion-en-diseno\/#primaryimage"},"thumbnailUrl":"https:\/\/i0.wp.com\/arga.com.mx\/blog\/wp-content\/uploads\/2024\/09\/imagen-96.png?fit=1024%2C1024&ssl=1","datePublished":"2024-09-30T21:58:14+00:00","description":"Biotecnolog\u00eda y Arquitectura Digital: Innovaci\u00f3n en Dise\u00f1o Arquitectura Gaceta","breadcrumb":{"@id":"https:\/\/arga.com.mx\/blog\/2024\/09\/30\/biotecnologia-y-arquitectura-digital-innovacion-en-diseno\/#breadcrumb"},"inLanguage":"es","potentialAction":[{"@type":"ReadAction","target":["https:\/\/arga.com.mx\/blog\/2024\/09\/30\/biotecnologia-y-arquitectura-digital-innovacion-en-diseno\/"]}]},{"@type":"ImageObject","inLanguage":"es","@id":"https:\/\/arga.com.mx\/blog\/2024\/09\/30\/biotecnologia-y-arquitectura-digital-innovacion-en-diseno\/#primaryimage","url":"https:\/\/i0.wp.com\/arga.com.mx\/blog\/wp-content\/uploads\/2024\/09\/imagen-96.png?fit=1024%2C1024&ssl=1","contentUrl":"https:\/\/i0.wp.com\/arga.com.mx\/blog\/wp-content\/uploads\/2024\/09\/imagen-96.png?fit=1024%2C1024&ssl=1","width":1024,"height":1024},{"@type":"BreadcrumbList","@id":"https:\/\/arga.com.mx\/blog\/2024\/09\/30\/biotecnologia-y-arquitectura-digital-innovacion-en-diseno\/#breadcrumb","itemListElement":[{"@type":"ListItem","position":1,"name":"Home","item":"https:\/\/arga.com.mx\/blog\/"},{"@type":"ListItem","position":2,"name":"Biotecnolog\u00eda y Arquitectura Digital: Innovaci\u00f3n en Dise\u00f1o"}]},{"@type":"WebSite","@id":"https:\/\/arga.com.mx\/blog\/#website","url":"https:\/\/arga.com.mx\/blog\/","name":"Arquitecto en M\u00e9xico cdmx","description":"El blog del Arquitecto en M\u00e9xico por Arturo Garcia","publisher":{"@id":"https:\/\/arga.com.mx\/blog\/#organization"},"potentialAction":[{"@type":"SearchAction","target":{"@type":"EntryPoint","urlTemplate":"https:\/\/arga.com.mx\/blog\/?s={search_term_string}"},"query-input":{"@type":"PropertyValueSpecification","valueRequired":true,"valueName":"search_term_string"}}],"inLanguage":"es"},{"@type":"Organization","@id":"https:\/\/arga.com.mx\/blog\/#organization","name":"Arquitecto en M\u00e9xico cdmx","url":"https:\/\/arga.com.mx\/blog\/","logo":{"@type":"ImageObject","inLanguage":"es","@id":"https:\/\/arga.com.mx\/blog\/#\/schema\/logo\/image\/","url":"https:\/\/i0.wp.com\/arga.com.mx\/blog\/wp-content\/uploads\/2024\/09\/banner-blog-1-1.png?fit=1123%2C342&ssl=1","contentUrl":"https:\/\/i0.wp.com\/arga.com.mx\/blog\/wp-content\/uploads\/2024\/09\/banner-blog-1-1.png?fit=1123%2C342&ssl=1","width":1123,"height":342,"caption":"Arquitecto en M\u00e9xico cdmx"},"image":{"@id":"https:\/\/arga.com.mx\/blog\/#\/schema\/logo\/image\/"},"sameAs":["https:\/\/www.facebook.com\/ARGAArchitecture"]},{"@type":"Person","@id":"https:\/\/arga.com.mx\/blog\/#\/schema\/person\/f175f8d81f44be7ec3020f1a3a9b7e23","name":"admin","image":{"@type":"ImageObject","inLanguage":"es","@id":"https:\/\/secure.gravatar.com\/avatar\/b3e3e019b326b4209d932274e7c6a1ad517fe99e9562c2fdf8de71f456a3ab84?s=96&d=mm&r=g","url":"https:\/\/secure.gravatar.com\/avatar\/b3e3e019b326b4209d932274e7c6a1ad517fe99e9562c2fdf8de71f456a3ab84?s=96&d=mm&r=g","contentUrl":"https:\/\/secure.gravatar.com\/avatar\/b3e3e019b326b4209d932274e7c6a1ad517fe99e9562c2fdf8de71f456a3ab84?s=96&d=mm&r=g","caption":"admin"},"sameAs":["https:\/\/arga.com.mx\/blog"],"url":"https:\/\/arga.com.mx\/blog\/author\/admin\/"}]}},"jetpack_featured_media_url":"https:\/\/i0.wp.com\/arga.com.mx\/blog\/wp-content\/uploads\/2024\/09\/imagen-96.png?fit=1024%2C1024&ssl=1","jetpack_sharing_enabled":true,"_links":{"self":[{"href":"https:\/\/arga.com.mx\/blog\/wp-json\/wp\/v2\/posts\/230","targetHints":{"allow":["GET"]}}],"collection":[{"href":"https:\/\/arga.com.mx\/blog\/wp-json\/wp\/v2\/posts"}],"about":[{"href":"https:\/\/arga.com.mx\/blog\/wp-json\/wp\/v2\/types\/post"}],"author":[{"embeddable":true,"href":"https:\/\/arga.com.mx\/blog\/wp-json\/wp\/v2\/users\/1"}],"replies":[{"embeddable":true,"href":"https:\/\/arga.com.mx\/blog\/wp-json\/wp\/v2\/comments?post=230"}],"version-history":[{"count":0,"href":"https:\/\/arga.com.mx\/blog\/wp-json\/wp\/v2\/posts\/230\/revisions"}],"wp:featuredmedia":[{"embeddable":true,"href":"https:\/\/arga.com.mx\/blog\/wp-json\/wp\/v2\/media\/229"}],"wp:attachment":[{"href":"https:\/\/arga.com.mx\/blog\/wp-json\/wp\/v2\/media?parent=230"}],"wp:term":[{"taxonomy":"category","embeddable":true,"href":"https:\/\/arga.com.mx\/blog\/wp-json\/wp\/v2\/categories?post=230"},{"taxonomy":"post_tag","embeddable":true,"href":"https:\/\/arga.com.mx\/blog\/wp-json\/wp\/v2\/tags?post=230"}],"curies":[{"name":"wp","href":"https:\/\/api.w.org\/{rel}","templated":true}]}}