{"id":228,"date":"2024-09-30T15:55:26","date_gmt":"2024-09-30T21:55:26","guid":{"rendered":"https:\/\/arga.com.mx\/blog\/2024\/09\/30\/arquitectura-digital-y-cambio-climatico\/"},"modified":"2024-09-30T15:55:26","modified_gmt":"2024-09-30T21:55:26","slug":"arquitectura-digital-y-cambio-climatico","status":"publish","type":"post","link":"https:\/\/arga.com.mx\/blog\/2024\/09\/30\/arquitectura-digital-y-cambio-climatico\/","title":{"rendered":"Arquitectura Digital y Cambio Clim\u00e1tico"},"content":{"rendered":"<p>En la \u00faltima d\u00e9cada, los servicios de arquitectura digital han emergido como una herramienta crucial en la lucha contra el cambio clim\u00e1tico. Mediante el uso de tecnolog\u00edas avanzadas, los arquitectos pueden dise\u00f1ar edificaciones que no solo son funcionales y est\u00e9ticamente agradables, sino que tambi\u00e9n minimizan su impacto ambiental.<\/p>\n<p>Estos servicios incluyen el modelado de informaci\u00f3n de construcci\u00f3n (BIM), que permite simular el comportamiento de los edificios antes de que sean construidos. Esto ayuda a identificar \u00e1reas donde se pueden reducir el consumo de energ\u00eda y recursos, optimizando as\u00ed el rendimiento ambiental de las edificaciones. Por ejemplo, al emplear an\u00e1lisis de energ\u00eda pasiva, los arquitectos pueden dise\u00f1ar espacios que aprovechen al m\u00e1ximo la luz natural y los vientos predominantes.<\/p>\n<p>Adicionalmente, la implementaci\u00f3n de materiales sostenibles se ha vuelto esencial en el proceso de dise\u00f1o arquitect\u00f3nico. Los arquitectos digitales pueden evaluar y seleccionar materiales que no solo sean eficientes desde un punto de vista energ\u00e9tico, sino que tambi\u00e9n sean reciclables o de origen renovable. Al hacerlo, se reduce la huella de carbono asociada con la producci\u00f3n de materiales de construcci\u00f3n.<\/p>\n<p>La digitalizaci\u00f3n tambi\u00e9n permite una simulaci\u00f3n de la vida \u00fatil de los edificios, ayudando a prever el mantenimiento necesario a lo largo de los a\u00f1os y, de esta manera, prolongar la vida \u00fatil de las edificaciones. Esto es crucial, ya que una construcci\u00f3n bien mantenida tiene menos probabilidades de necesitar reemplazos o grandes renovaciones, lo que implica un menor consumo de recursos en el futuro.<\/p>\n<p>Sin embargo, la implementaci\u00f3n de estos servicios no est\u00e1 exenta de desaf\u00edos. Los arquitectos digitales deben enfrentarse a la resistencia al cambio en algunos sectores y a la falta de conocimiento sobre estas tecnolog\u00edas avanzadas. Tambi\u00e9n es fundamental que las pol\u00edticas gubernamentales fomenten la adopci\u00f3n de pr\u00e1cticas sostenibles en la construcci\u00f3n.<\/p>\n<p>En conclusi\u00f3n, los servicios de arquitectura digital son un aliado esencial en la mitigaci\u00f3n del cambio clim\u00e1tico. Facilitando el dise\u00f1o eficiente, la selecci\u00f3n sostenible de materiales y la prolongaci\u00f3n de la vida \u00fatil de los edificios, estos servicios no solo benefician al medio ambiente, sino que tambi\u00e9n pueden proporcionar una soluci\u00f3n econ\u00f3mica a largo plazo.<\/p>\n<p>El contacto para asesor\u00edas y proyectos en este \u00e1mbito es el Arq. Arturo Garc\u00eda Castellanos. Puedes contactarlo al correo contacto@arga.com.mx o al tel\u00e9fono 55 2887 8750.<\/p>\n","protected":false},"excerpt":{"rendered":"<p>En la \u00faltima d\u00e9cada, los servicios de arquitectura digital han emergido como una herramienta crucial en la lucha contra el cambio clim\u00e1tico. Mediante el uso de tecnolog\u00edas avanzadas, los arquitectos pueden dise\u00f1ar edificaciones que no solo son funcionales y est\u00e9ticamente agradables, sino que tambi\u00e9n minimizan su impacto ambiental. Estos servicios incluyen el modelado de informaci\u00f3n&#8230;<\/p>\n","protected":false},"author":1,"featured_media":227,"comment_status":"open","ping_status":"open","sticky":false,"template":"","format":"standard","meta":{"nf_dc_page":"","om_disable_all_campaigns":false,"_jetpack_memberships_contains_paid_content":false,"footnotes":""},"categories":[1],"tags":[],"class_list":["post-228","post","type-post","status-publish","format-standard","has-post-thumbnail","hentry","category-arquitecto"],"yoast_head":"<!-- This site is optimized with the Yoast SEO plugin v27.5 - https:\/\/yoast.com\/product\/yoast-seo-wordpress\/ -->\n<title>Arquitectura Digital y Cambio Clim\u00e1tico - Arquitectura Gaceta<\/title>\n<meta name=\"description\" content=\"Arquitectura Digital y Cambio Clim\u00e1tico Arquitectura Gaceta\" \/>\n<meta name=\"robots\" content=\"index, follow, max-snippet:-1, max-image-preview:large, max-video-preview:-1\" \/>\n<link rel=\"canonical\" href=\"https:\/\/arga.com.mx\/blog\/2024\/09\/30\/arquitectura-digital-y-cambio-climatico\/\" \/>\n<meta property=\"og:locale\" content=\"es_MX\" \/>\n<meta property=\"og:type\" content=\"article\" \/>\n<meta property=\"og:title\" content=\"Arquitectura Digital y Cambio Clim\u00e1tico - Arquitectura Gaceta\" \/>\n<meta property=\"og:description\" content=\"Arquitectura Digital y Cambio Clim\u00e1tico Arquitectura Gaceta\" \/>\n<meta property=\"og:url\" content=\"https:\/\/arga.com.mx\/blog\/2024\/09\/30\/arquitectura-digital-y-cambio-climatico\/\" \/>\n<meta property=\"og:site_name\" content=\"Arquitectura Gaceta\" \/>\n<meta property=\"article:publisher\" content=\"https:\/\/www.facebook.com\/ARGAArchitecture\" \/>\n<meta property=\"article:published_time\" content=\"2024-09-30T21:55:26+00:00\" \/>\n<meta name=\"author\" content=\"admin\" \/>\n<meta name=\"twitter:card\" content=\"summary_large_image\" \/>\n<meta name=\"twitter:label1\" content=\"Escrito por\" \/>\n\t<meta name=\"twitter:data1\" content=\"admin\" \/>\n\t<meta name=\"twitter:label2\" content=\"Tiempo de lectura\" \/>\n\t<meta name=\"twitter:data2\" content=\"2 minutos\" \/>\n<script type=\"application\/ld+json\" class=\"yoast-schema-graph\">{\"@context\":\"https:\\\/\\\/schema.org\",\"@graph\":[{\"@type\":\"Article\",\"@id\":\"https:\\\/\\\/arga.com.mx\\\/blog\\\/2024\\\/09\\\/30\\\/arquitectura-digital-y-cambio-climatico\\\/#article\",\"isPartOf\":{\"@id\":\"https:\\\/\\\/arga.com.mx\\\/blog\\\/2024\\\/09\\\/30\\\/arquitectura-digital-y-cambio-climatico\\\/\"},\"author\":{\"name\":\"admin\",\"@id\":\"https:\\\/\\\/arga.com.mx\\\/blog\\\/#\\\/schema\\\/person\\\/f175f8d81f44be7ec3020f1a3a9b7e23\"},\"headline\":\"Arquitectura Digital y Cambio Clim\u00e1tico\",\"datePublished\":\"2024-09-30T21:55:26+00:00\",\"mainEntityOfPage\":{\"@id\":\"https:\\\/\\\/arga.com.mx\\\/blog\\\/2024\\\/09\\\/30\\\/arquitectura-digital-y-cambio-climatico\\\/\"},\"wordCount\":426,\"commentCount\":0,\"publisher\":{\"@id\":\"https:\\\/\\\/arga.com.mx\\\/blog\\\/#organization\"},\"image\":{\"@id\":\"https:\\\/\\\/arga.com.mx\\\/blog\\\/2024\\\/09\\\/30\\\/arquitectura-digital-y-cambio-climatico\\\/#primaryimage\"},\"thumbnailUrl\":\"https:\\\/\\\/i0.wp.com\\\/arga.com.mx\\\/blog\\\/wp-content\\\/uploads\\\/2024\\\/09\\\/imagen-95.png?fit=1024%2C1024&ssl=1\",\"articleSection\":[\"Arquitecto\"],\"inLanguage\":\"es\",\"potentialAction\":[{\"@type\":\"CommentAction\",\"name\":\"Comment\",\"target\":[\"https:\\\/\\\/arga.com.mx\\\/blog\\\/2024\\\/09\\\/30\\\/arquitectura-digital-y-cambio-climatico\\\/#respond\"]}]},{\"@type\":\"WebPage\",\"@id\":\"https:\\\/\\\/arga.com.mx\\\/blog\\\/2024\\\/09\\\/30\\\/arquitectura-digital-y-cambio-climatico\\\/\",\"url\":\"https:\\\/\\\/arga.com.mx\\\/blog\\\/2024\\\/09\\\/30\\\/arquitectura-digital-y-cambio-climatico\\\/\",\"name\":\"Arquitectura Digital y Cambio Clim\u00e1tico - Arquitectura Gaceta\",\"isPartOf\":{\"@id\":\"https:\\\/\\\/arga.com.mx\\\/blog\\\/#website\"},\"primaryImageOfPage\":{\"@id\":\"https:\\\/\\\/arga.com.mx\\\/blog\\\/2024\\\/09\\\/30\\\/arquitectura-digital-y-cambio-climatico\\\/#primaryimage\"},\"image\":{\"@id\":\"https:\\\/\\\/arga.com.mx\\\/blog\\\/2024\\\/09\\\/30\\\/arquitectura-digital-y-cambio-climatico\\\/#primaryimage\"},\"thumbnailUrl\":\"https:\\\/\\\/i0.wp.com\\\/arga.com.mx\\\/blog\\\/wp-content\\\/uploads\\\/2024\\\/09\\\/imagen-95.png?fit=1024%2C1024&ssl=1\",\"datePublished\":\"2024-09-30T21:55:26+00:00\",\"description\":\"Arquitectura Digital y Cambio Clim\u00e1tico Arquitectura Gaceta\",\"breadcrumb\":{\"@id\":\"https:\\\/\\\/arga.com.mx\\\/blog\\\/2024\\\/09\\\/30\\\/arquitectura-digital-y-cambio-climatico\\\/#breadcrumb\"},\"inLanguage\":\"es\",\"potentialAction\":[{\"@type\":\"ReadAction\",\"target\":[\"https:\\\/\\\/arga.com.mx\\\/blog\\\/2024\\\/09\\\/30\\\/arquitectura-digital-y-cambio-climatico\\\/\"]}]},{\"@type\":\"ImageObject\",\"inLanguage\":\"es\",\"@id\":\"https:\\\/\\\/arga.com.mx\\\/blog\\\/2024\\\/09\\\/30\\\/arquitectura-digital-y-cambio-climatico\\\/#primaryimage\",\"url\":\"https:\\\/\\\/i0.wp.com\\\/arga.com.mx\\\/blog\\\/wp-content\\\/uploads\\\/2024\\\/09\\\/imagen-95.png?fit=1024%2C1024&ssl=1\",\"contentUrl\":\"https:\\\/\\\/i0.wp.com\\\/arga.com.mx\\\/blog\\\/wp-content\\\/uploads\\\/2024\\\/09\\\/imagen-95.png?fit=1024%2C1024&ssl=1\",\"width\":1024,\"height\":1024},{\"@type\":\"BreadcrumbList\",\"@id\":\"https:\\\/\\\/arga.com.mx\\\/blog\\\/2024\\\/09\\\/30\\\/arquitectura-digital-y-cambio-climatico\\\/#breadcrumb\",\"itemListElement\":[{\"@type\":\"ListItem\",\"position\":1,\"name\":\"Home\",\"item\":\"https:\\\/\\\/arga.com.mx\\\/blog\\\/\"},{\"@type\":\"ListItem\",\"position\":2,\"name\":\"Arquitectura Digital y Cambio Clim\u00e1tico\"}]},{\"@type\":\"WebSite\",\"@id\":\"https:\\\/\\\/arga.com.mx\\\/blog\\\/#website\",\"url\":\"https:\\\/\\\/arga.com.mx\\\/blog\\\/\",\"name\":\"Arquitecto en M\u00e9xico cdmx\",\"description\":\"El blog del Arquitecto en M\u00e9xico por Arturo Garcia\",\"publisher\":{\"@id\":\"https:\\\/\\\/arga.com.mx\\\/blog\\\/#organization\"},\"potentialAction\":[{\"@type\":\"SearchAction\",\"target\":{\"@type\":\"EntryPoint\",\"urlTemplate\":\"https:\\\/\\\/arga.com.mx\\\/blog\\\/?s={search_term_string}\"},\"query-input\":{\"@type\":\"PropertyValueSpecification\",\"valueRequired\":true,\"valueName\":\"search_term_string\"}}],\"inLanguage\":\"es\"},{\"@type\":\"Organization\",\"@id\":\"https:\\\/\\\/arga.com.mx\\\/blog\\\/#organization\",\"name\":\"Arquitecto en M\u00e9xico cdmx\",\"url\":\"https:\\\/\\\/arga.com.mx\\\/blog\\\/\",\"logo\":{\"@type\":\"ImageObject\",\"inLanguage\":\"es\",\"@id\":\"https:\\\/\\\/arga.com.mx\\\/blog\\\/#\\\/schema\\\/logo\\\/image\\\/\",\"url\":\"https:\\\/\\\/i0.wp.com\\\/arga.com.mx\\\/blog\\\/wp-content\\\/uploads\\\/2024\\\/09\\\/banner-blog-1-1.png?fit=1123%2C342&ssl=1\",\"contentUrl\":\"https:\\\/\\\/i0.wp.com\\\/arga.com.mx\\\/blog\\\/wp-content\\\/uploads\\\/2024\\\/09\\\/banner-blog-1-1.png?fit=1123%2C342&ssl=1\",\"width\":1123,\"height\":342,\"caption\":\"Arquitecto en M\u00e9xico cdmx\"},\"image\":{\"@id\":\"https:\\\/\\\/arga.com.mx\\\/blog\\\/#\\\/schema\\\/logo\\\/image\\\/\"},\"sameAs\":[\"https:\\\/\\\/www.facebook.com\\\/ARGAArchitecture\"]},{\"@type\":\"Person\",\"@id\":\"https:\\\/\\\/arga.com.mx\\\/blog\\\/#\\\/schema\\\/person\\\/f175f8d81f44be7ec3020f1a3a9b7e23\",\"name\":\"admin\",\"image\":{\"@type\":\"ImageObject\",\"inLanguage\":\"es\",\"@id\":\"https:\\\/\\\/secure.gravatar.com\\\/avatar\\\/b3e3e019b326b4209d932274e7c6a1ad517fe99e9562c2fdf8de71f456a3ab84?s=96&d=mm&r=g\",\"url\":\"https:\\\/\\\/secure.gravatar.com\\\/avatar\\\/b3e3e019b326b4209d932274e7c6a1ad517fe99e9562c2fdf8de71f456a3ab84?s=96&d=mm&r=g\",\"contentUrl\":\"https:\\\/\\\/secure.gravatar.com\\\/avatar\\\/b3e3e019b326b4209d932274e7c6a1ad517fe99e9562c2fdf8de71f456a3ab84?s=96&d=mm&r=g\",\"caption\":\"admin\"},\"sameAs\":[\"https:\\\/\\\/arga.com.mx\\\/blog\"],\"url\":\"https:\\\/\\\/arga.com.mx\\\/blog\\\/author\\\/admin\\\/\"}]}<\/script>\n<!-- \/ Yoast SEO plugin. -->","yoast_head_json":{"title":"Arquitectura Digital y Cambio Clim\u00e1tico - Arquitectura Gaceta","description":"Arquitectura Digital y Cambio Clim\u00e1tico Arquitectura Gaceta","robots":{"index":"index","follow":"follow","max-snippet":"max-snippet:-1","max-image-preview":"max-image-preview:large","max-video-preview":"max-video-preview:-1"},"canonical":"https:\/\/arga.com.mx\/blog\/2024\/09\/30\/arquitectura-digital-y-cambio-climatico\/","og_locale":"es_MX","og_type":"article","og_title":"Arquitectura Digital y Cambio Clim\u00e1tico - Arquitectura Gaceta","og_description":"Arquitectura Digital y Cambio Clim\u00e1tico Arquitectura Gaceta","og_url":"https:\/\/arga.com.mx\/blog\/2024\/09\/30\/arquitectura-digital-y-cambio-climatico\/","og_site_name":"Arquitectura Gaceta","article_publisher":"https:\/\/www.facebook.com\/ARGAArchitecture","article_published_time":"2024-09-30T21:55:26+00:00","author":"admin","twitter_card":"summary_large_image","twitter_misc":{"Escrito por":"admin","Tiempo de lectura":"2 minutos"},"schema":{"@context":"https:\/\/schema.org","@graph":[{"@type":"Article","@id":"https:\/\/arga.com.mx\/blog\/2024\/09\/30\/arquitectura-digital-y-cambio-climatico\/#article","isPartOf":{"@id":"https:\/\/arga.com.mx\/blog\/2024\/09\/30\/arquitectura-digital-y-cambio-climatico\/"},"author":{"name":"admin","@id":"https:\/\/arga.com.mx\/blog\/#\/schema\/person\/f175f8d81f44be7ec3020f1a3a9b7e23"},"headline":"Arquitectura Digital y Cambio Clim\u00e1tico","datePublished":"2024-09-30T21:55:26+00:00","mainEntityOfPage":{"@id":"https:\/\/arga.com.mx\/blog\/2024\/09\/30\/arquitectura-digital-y-cambio-climatico\/"},"wordCount":426,"commentCount":0,"publisher":{"@id":"https:\/\/arga.com.mx\/blog\/#organization"},"image":{"@id":"https:\/\/arga.com.mx\/blog\/2024\/09\/30\/arquitectura-digital-y-cambio-climatico\/#primaryimage"},"thumbnailUrl":"https:\/\/i0.wp.com\/arga.com.mx\/blog\/wp-content\/uploads\/2024\/09\/imagen-95.png?fit=1024%2C1024&ssl=1","articleSection":["Arquitecto"],"inLanguage":"es","potentialAction":[{"@type":"CommentAction","name":"Comment","target":["https:\/\/arga.com.mx\/blog\/2024\/09\/30\/arquitectura-digital-y-cambio-climatico\/#respond"]}]},{"@type":"WebPage","@id":"https:\/\/arga.com.mx\/blog\/2024\/09\/30\/arquitectura-digital-y-cambio-climatico\/","url":"https:\/\/arga.com.mx\/blog\/2024\/09\/30\/arquitectura-digital-y-cambio-climatico\/","name":"Arquitectura Digital y Cambio Clim\u00e1tico - Arquitectura Gaceta","isPartOf":{"@id":"https:\/\/arga.com.mx\/blog\/#website"},"primaryImageOfPage":{"@id":"https:\/\/arga.com.mx\/blog\/2024\/09\/30\/arquitectura-digital-y-cambio-climatico\/#primaryimage"},"image":{"@id":"https:\/\/arga.com.mx\/blog\/2024\/09\/30\/arquitectura-digital-y-cambio-climatico\/#primaryimage"},"thumbnailUrl":"https:\/\/i0.wp.com\/arga.com.mx\/blog\/wp-content\/uploads\/2024\/09\/imagen-95.png?fit=1024%2C1024&ssl=1","datePublished":"2024-09-30T21:55:26+00:00","description":"Arquitectura Digital y Cambio Clim\u00e1tico Arquitectura Gaceta","breadcrumb":{"@id":"https:\/\/arga.com.mx\/blog\/2024\/09\/30\/arquitectura-digital-y-cambio-climatico\/#breadcrumb"},"inLanguage":"es","potentialAction":[{"@type":"ReadAction","target":["https:\/\/arga.com.mx\/blog\/2024\/09\/30\/arquitectura-digital-y-cambio-climatico\/"]}]},{"@type":"ImageObject","inLanguage":"es","@id":"https:\/\/arga.com.mx\/blog\/2024\/09\/30\/arquitectura-digital-y-cambio-climatico\/#primaryimage","url":"https:\/\/i0.wp.com\/arga.com.mx\/blog\/wp-content\/uploads\/2024\/09\/imagen-95.png?fit=1024%2C1024&ssl=1","contentUrl":"https:\/\/i0.wp.com\/arga.com.mx\/blog\/wp-content\/uploads\/2024\/09\/imagen-95.png?fit=1024%2C1024&ssl=1","width":1024,"height":1024},{"@type":"BreadcrumbList","@id":"https:\/\/arga.com.mx\/blog\/2024\/09\/30\/arquitectura-digital-y-cambio-climatico\/#breadcrumb","itemListElement":[{"@type":"ListItem","position":1,"name":"Home","item":"https:\/\/arga.com.mx\/blog\/"},{"@type":"ListItem","position":2,"name":"Arquitectura Digital y Cambio Clim\u00e1tico"}]},{"@type":"WebSite","@id":"https:\/\/arga.com.mx\/blog\/#website","url":"https:\/\/arga.com.mx\/blog\/","name":"Arquitecto en M\u00e9xico cdmx","description":"El blog del Arquitecto en M\u00e9xico por Arturo Garcia","publisher":{"@id":"https:\/\/arga.com.mx\/blog\/#organization"},"potentialAction":[{"@type":"SearchAction","target":{"@type":"EntryPoint","urlTemplate":"https:\/\/arga.com.mx\/blog\/?s={search_term_string}"},"query-input":{"@type":"PropertyValueSpecification","valueRequired":true,"valueName":"search_term_string"}}],"inLanguage":"es"},{"@type":"Organization","@id":"https:\/\/arga.com.mx\/blog\/#organization","name":"Arquitecto en M\u00e9xico cdmx","url":"https:\/\/arga.com.mx\/blog\/","logo":{"@type":"ImageObject","inLanguage":"es","@id":"https:\/\/arga.com.mx\/blog\/#\/schema\/logo\/image\/","url":"https:\/\/i0.wp.com\/arga.com.mx\/blog\/wp-content\/uploads\/2024\/09\/banner-blog-1-1.png?fit=1123%2C342&ssl=1","contentUrl":"https:\/\/i0.wp.com\/arga.com.mx\/blog\/wp-content\/uploads\/2024\/09\/banner-blog-1-1.png?fit=1123%2C342&ssl=1","width":1123,"height":342,"caption":"Arquitecto en M\u00e9xico cdmx"},"image":{"@id":"https:\/\/arga.com.mx\/blog\/#\/schema\/logo\/image\/"},"sameAs":["https:\/\/www.facebook.com\/ARGAArchitecture"]},{"@type":"Person","@id":"https:\/\/arga.com.mx\/blog\/#\/schema\/person\/f175f8d81f44be7ec3020f1a3a9b7e23","name":"admin","image":{"@type":"ImageObject","inLanguage":"es","@id":"https:\/\/secure.gravatar.com\/avatar\/b3e3e019b326b4209d932274e7c6a1ad517fe99e9562c2fdf8de71f456a3ab84?s=96&d=mm&r=g","url":"https:\/\/secure.gravatar.com\/avatar\/b3e3e019b326b4209d932274e7c6a1ad517fe99e9562c2fdf8de71f456a3ab84?s=96&d=mm&r=g","contentUrl":"https:\/\/secure.gravatar.com\/avatar\/b3e3e019b326b4209d932274e7c6a1ad517fe99e9562c2fdf8de71f456a3ab84?s=96&d=mm&r=g","caption":"admin"},"sameAs":["https:\/\/arga.com.mx\/blog"],"url":"https:\/\/arga.com.mx\/blog\/author\/admin\/"}]}},"jetpack_featured_media_url":"https:\/\/i0.wp.com\/arga.com.mx\/blog\/wp-content\/uploads\/2024\/09\/imagen-95.png?fit=1024%2C1024&ssl=1","jetpack_sharing_enabled":true,"_links":{"self":[{"href":"https:\/\/arga.com.mx\/blog\/wp-json\/wp\/v2\/posts\/228","targetHints":{"allow":["GET"]}}],"collection":[{"href":"https:\/\/arga.com.mx\/blog\/wp-json\/wp\/v2\/posts"}],"about":[{"href":"https:\/\/arga.com.mx\/blog\/wp-json\/wp\/v2\/types\/post"}],"author":[{"embeddable":true,"href":"https:\/\/arga.com.mx\/blog\/wp-json\/wp\/v2\/users\/1"}],"replies":[{"embeddable":true,"href":"https:\/\/arga.com.mx\/blog\/wp-json\/wp\/v2\/comments?post=228"}],"version-history":[{"count":0,"href":"https:\/\/arga.com.mx\/blog\/wp-json\/wp\/v2\/posts\/228\/revisions"}],"wp:featuredmedia":[{"embeddable":true,"href":"https:\/\/arga.com.mx\/blog\/wp-json\/wp\/v2\/media\/227"}],"wp:attachment":[{"href":"https:\/\/arga.com.mx\/blog\/wp-json\/wp\/v2\/media?parent=228"}],"wp:term":[{"taxonomy":"category","embeddable":true,"href":"https:\/\/arga.com.mx\/blog\/wp-json\/wp\/v2\/categories?post=228"},{"taxonomy":"post_tag","embeddable":true,"href":"https:\/\/arga.com.mx\/blog\/wp-json\/wp\/v2\/tags?post=228"}],"curies":[{"name":"wp","href":"https:\/\/api.w.org\/{rel}","templated":true}]}}