{"id":220,"date":"2024-09-30T15:51:44","date_gmt":"2024-09-30T21:51:44","guid":{"rendered":"https:\/\/arga.com.mx\/blog\/2024\/09\/30\/impacto-de-la-economia-circular-en-el-diseno-arquitectonico\/"},"modified":"2024-09-30T15:51:44","modified_gmt":"2024-09-30T21:51:44","slug":"impacto-de-la-economia-circular-en-el-diseno-arquitectonico","status":"publish","type":"post","link":"https:\/\/arga.com.mx\/blog\/2024\/09\/30\/impacto-de-la-economia-circular-en-el-diseno-arquitectonico\/","title":{"rendered":"Impacto de la Econom\u00eda Circular en el Dise\u00f1o Arquitect\u00f3nico"},"content":{"rendered":"<p>La econom\u00eda circular ha emergido como una respuesta efectiva a los desaf\u00edos ambientales y de sostenibilidad que enfrenta el dise\u00f1o arquitect\u00f3nico contempor\u00e1neo. Este enfoque transformador redefine la forma en que concebimos y manejamos los recursos en el \u00e1mbito de la construcci\u00f3n.<\/p>\n<p>La esencia de la econom\u00eda circular radica en la eliminaci\u00f3n del concepto de &#8216;residuo&#8217;. Al adoptar un ciclo de vida completo para los materiales, los arquitectos pueden dise\u00f1ar espacios que no solo son est\u00e9ticamente agradables, sino tambi\u00e9n funcionales y responsables con el medio ambiente. Por ejemplo, los edificios pueden ser dise\u00f1ados para facilitar la reutilizaci\u00f3n de materiales, permitiendo que los elementos constructivos sean recuperados y reincorporados en nuevos proyectos.<\/p>\n<p>Otro aspecto fundamental de la econom\u00eda circular es la optimizaci\u00f3n del uso de recursos. Esto implica no solo seleccionar materiales sostenibles, sino tambi\u00e9n implementar pr\u00e1cticas de construcci\u00f3n que minimicen el desperdicio. Las t\u00e9cnicas de dise\u00f1o, como la prefabricaci\u00f3n y el uso de tecnolog\u00edas digitales, pueden transformar la manera en que se producen los componentes arquitect\u00f3nicos, haciendo que el proceso sea m\u00e1s eficiente y menos da\u00f1ino para el planeta.<\/p>\n<p>Adem\u00e1s, los edificios dise\u00f1ados bajo principios de econom\u00eda circular tienden a ser m\u00e1s eficientes desde el punto de vista energ\u00e9tico. Al considerar el ciclo de vida integral de un edificio, se pueden incorporar fuentes de energ\u00eda renovables, sistemas de gesti\u00f3n de agua y otras tecnolog\u00edas inteligentes que permiten a los ocupantes reducir su huella de carbono.<\/p>\n<p>Del mismo modo, este enfoque promueve la creaci\u00f3n de espacios que fomentan la interacci\u00f3n social y el bienestar de los usuarios. Al dise\u00f1ar con la idea de adaptaci\u00f3n y flexibilidad, los arquitectos pueden crear entornos que se ajusten a las necesidades cambiantes de la comunidad, maximizando as\u00ed la durabilidad y funcionalidad de los edificios a lo largo del tiempo.<\/p>\n<p>La transici\u00f3n hacia un modelo de econom\u00eda circular no es sencilla. Requiere un cambio en la mentalidad del sector de la construcci\u00f3n, as\u00ed como la colaboraci\u00f3n entre arquitectos, ingenieros, constructores y legisladores. Sin embargo, al adoptar estas nuevas pr\u00e1cticas, el potencial para transformar la industria es inmenso. La econom\u00eda circular en el dise\u00f1o arquitect\u00f3nico no solo ofrece soluciones innovadoras para los desaf\u00edos actuales, sino que tambi\u00e9n sienta las bases para un futuro m\u00e1s sostenible y equilibrado.<\/p>\n<p>El impacto de la econom\u00eda circular es evidente en ejemplos de proyectos arquitect\u00f3nicos que han logrado integrar estos principios de manera efectiva. Estos casos pr\u00e1cticos muestran c\u00f3mo el dise\u00f1o innovador y la responsabilidad ambiental pueden coexistir, creando edificios que no solo son funcionales, sino que tambi\u00e9n enriquecen el entorno y la calidad de vida de las personas que los utilizan.<\/p>\n<p>En conclusi\u00f3n, el dise\u00f1o arquitect\u00f3nico en el contexto de la econom\u00eda circular no solo es una tendencia, sino una necesidad imperante para enfrentar los retos globales contempor\u00e1neos. Al adoptar este enfoque, los arquitectos pueden contribuir a la creaci\u00f3n de un mundo m\u00e1s sostenible y resiliente.<\/p>\n<p>Contacta a Arq. Arturo Garc\u00eda Castellanos como arquitecto desarrollador enviando un correo a contacto@arga.com.mx o llamando al 55 2887 8750.<\/p>\n","protected":false},"excerpt":{"rendered":"<p>La econom\u00eda circular ha emergido como una respuesta efectiva a los desaf\u00edos ambientales y de sostenibilidad que enfrenta el dise\u00f1o arquitect\u00f3nico contempor\u00e1neo. Este enfoque transformador redefine la forma en que concebimos y manejamos los recursos en el \u00e1mbito de la construcci\u00f3n. La esencia de la econom\u00eda circular radica en la eliminaci\u00f3n del concepto de &#8216;residuo&#8217;&#8230;.<\/p>\n","protected":false},"author":1,"featured_media":219,"comment_status":"open","ping_status":"open","sticky":false,"template":"","format":"standard","meta":{"nf_dc_page":"","om_disable_all_campaigns":false,"_jetpack_memberships_contains_paid_content":false,"footnotes":""},"categories":[1],"tags":[],"class_list":["post-220","post","type-post","status-publish","format-standard","has-post-thumbnail","hentry","category-arquitecto"],"yoast_head":"<!-- This site is optimized with the Yoast SEO plugin v27.5 - https:\/\/yoast.com\/product\/yoast-seo-wordpress\/ -->\n<title>Impacto de la Econom\u00eda Circular en el Dise\u00f1o Arquitect\u00f3nico - Arquitectura Gaceta<\/title>\n<meta name=\"description\" content=\"Impacto de la Econom\u00eda Circular en el Dise\u00f1o Arquitect\u00f3nico Arquitectura Gaceta\" \/>\n<meta name=\"robots\" content=\"index, follow, max-snippet:-1, max-image-preview:large, max-video-preview:-1\" \/>\n<link rel=\"canonical\" href=\"https:\/\/arga.com.mx\/blog\/2024\/09\/30\/impacto-de-la-economia-circular-en-el-diseno-arquitectonico\/\" \/>\n<meta property=\"og:locale\" content=\"es_MX\" \/>\n<meta property=\"og:type\" content=\"article\" \/>\n<meta property=\"og:title\" content=\"Impacto de la Econom\u00eda Circular en el Dise\u00f1o Arquitect\u00f3nico - Arquitectura Gaceta\" \/>\n<meta property=\"og:description\" content=\"Impacto de la Econom\u00eda Circular en el Dise\u00f1o Arquitect\u00f3nico Arquitectura Gaceta\" \/>\n<meta property=\"og:url\" content=\"https:\/\/arga.com.mx\/blog\/2024\/09\/30\/impacto-de-la-economia-circular-en-el-diseno-arquitectonico\/\" \/>\n<meta property=\"og:site_name\" content=\"Arquitectura Gaceta\" \/>\n<meta property=\"article:publisher\" content=\"https:\/\/www.facebook.com\/ARGAArchitecture\" \/>\n<meta property=\"article:published_time\" content=\"2024-09-30T21:51:44+00:00\" \/>\n<meta name=\"author\" content=\"admin\" \/>\n<meta name=\"twitter:card\" content=\"summary_large_image\" \/>\n<meta name=\"twitter:label1\" content=\"Escrito por\" \/>\n\t<meta name=\"twitter:data1\" content=\"admin\" \/>\n\t<meta name=\"twitter:label2\" content=\"Tiempo de lectura\" \/>\n\t<meta name=\"twitter:data2\" content=\"3 minutos\" \/>\n<script type=\"application\/ld+json\" class=\"yoast-schema-graph\">{\"@context\":\"https:\\\/\\\/schema.org\",\"@graph\":[{\"@type\":\"Article\",\"@id\":\"https:\\\/\\\/arga.com.mx\\\/blog\\\/2024\\\/09\\\/30\\\/impacto-de-la-economia-circular-en-el-diseno-arquitectonico\\\/#article\",\"isPartOf\":{\"@id\":\"https:\\\/\\\/arga.com.mx\\\/blog\\\/2024\\\/09\\\/30\\\/impacto-de-la-economia-circular-en-el-diseno-arquitectonico\\\/\"},\"author\":{\"name\":\"admin\",\"@id\":\"https:\\\/\\\/arga.com.mx\\\/blog\\\/#\\\/schema\\\/person\\\/f175f8d81f44be7ec3020f1a3a9b7e23\"},\"headline\":\"Impacto de la Econom\u00eda Circular en el Dise\u00f1o Arquitect\u00f3nico\",\"datePublished\":\"2024-09-30T21:51:44+00:00\",\"mainEntityOfPage\":{\"@id\":\"https:\\\/\\\/arga.com.mx\\\/blog\\\/2024\\\/09\\\/30\\\/impacto-de-la-economia-circular-en-el-diseno-arquitectonico\\\/\"},\"wordCount\":568,\"commentCount\":0,\"publisher\":{\"@id\":\"https:\\\/\\\/arga.com.mx\\\/blog\\\/#organization\"},\"image\":{\"@id\":\"https:\\\/\\\/arga.com.mx\\\/blog\\\/2024\\\/09\\\/30\\\/impacto-de-la-economia-circular-en-el-diseno-arquitectonico\\\/#primaryimage\"},\"thumbnailUrl\":\"https:\\\/\\\/i0.wp.com\\\/arga.com.mx\\\/blog\\\/wp-content\\\/uploads\\\/2024\\\/09\\\/imagen-91.png?fit=1024%2C1024&ssl=1\",\"articleSection\":[\"Arquitecto\"],\"inLanguage\":\"es\",\"potentialAction\":[{\"@type\":\"CommentAction\",\"name\":\"Comment\",\"target\":[\"https:\\\/\\\/arga.com.mx\\\/blog\\\/2024\\\/09\\\/30\\\/impacto-de-la-economia-circular-en-el-diseno-arquitectonico\\\/#respond\"]}]},{\"@type\":\"WebPage\",\"@id\":\"https:\\\/\\\/arga.com.mx\\\/blog\\\/2024\\\/09\\\/30\\\/impacto-de-la-economia-circular-en-el-diseno-arquitectonico\\\/\",\"url\":\"https:\\\/\\\/arga.com.mx\\\/blog\\\/2024\\\/09\\\/30\\\/impacto-de-la-economia-circular-en-el-diseno-arquitectonico\\\/\",\"name\":\"Impacto de la Econom\u00eda Circular en el Dise\u00f1o Arquitect\u00f3nico - Arquitectura Gaceta\",\"isPartOf\":{\"@id\":\"https:\\\/\\\/arga.com.mx\\\/blog\\\/#website\"},\"primaryImageOfPage\":{\"@id\":\"https:\\\/\\\/arga.com.mx\\\/blog\\\/2024\\\/09\\\/30\\\/impacto-de-la-economia-circular-en-el-diseno-arquitectonico\\\/#primaryimage\"},\"image\":{\"@id\":\"https:\\\/\\\/arga.com.mx\\\/blog\\\/2024\\\/09\\\/30\\\/impacto-de-la-economia-circular-en-el-diseno-arquitectonico\\\/#primaryimage\"},\"thumbnailUrl\":\"https:\\\/\\\/i0.wp.com\\\/arga.com.mx\\\/blog\\\/wp-content\\\/uploads\\\/2024\\\/09\\\/imagen-91.png?fit=1024%2C1024&ssl=1\",\"datePublished\":\"2024-09-30T21:51:44+00:00\",\"description\":\"Impacto de la Econom\u00eda Circular en el Dise\u00f1o Arquitect\u00f3nico Arquitectura Gaceta\",\"breadcrumb\":{\"@id\":\"https:\\\/\\\/arga.com.mx\\\/blog\\\/2024\\\/09\\\/30\\\/impacto-de-la-economia-circular-en-el-diseno-arquitectonico\\\/#breadcrumb\"},\"inLanguage\":\"es\",\"potentialAction\":[{\"@type\":\"ReadAction\",\"target\":[\"https:\\\/\\\/arga.com.mx\\\/blog\\\/2024\\\/09\\\/30\\\/impacto-de-la-economia-circular-en-el-diseno-arquitectonico\\\/\"]}]},{\"@type\":\"ImageObject\",\"inLanguage\":\"es\",\"@id\":\"https:\\\/\\\/arga.com.mx\\\/blog\\\/2024\\\/09\\\/30\\\/impacto-de-la-economia-circular-en-el-diseno-arquitectonico\\\/#primaryimage\",\"url\":\"https:\\\/\\\/i0.wp.com\\\/arga.com.mx\\\/blog\\\/wp-content\\\/uploads\\\/2024\\\/09\\\/imagen-91.png?fit=1024%2C1024&ssl=1\",\"contentUrl\":\"https:\\\/\\\/i0.wp.com\\\/arga.com.mx\\\/blog\\\/wp-content\\\/uploads\\\/2024\\\/09\\\/imagen-91.png?fit=1024%2C1024&ssl=1\",\"width\":1024,\"height\":1024},{\"@type\":\"BreadcrumbList\",\"@id\":\"https:\\\/\\\/arga.com.mx\\\/blog\\\/2024\\\/09\\\/30\\\/impacto-de-la-economia-circular-en-el-diseno-arquitectonico\\\/#breadcrumb\",\"itemListElement\":[{\"@type\":\"ListItem\",\"position\":1,\"name\":\"Home\",\"item\":\"https:\\\/\\\/arga.com.mx\\\/blog\\\/\"},{\"@type\":\"ListItem\",\"position\":2,\"name\":\"Impacto de la Econom\u00eda Circular en el Dise\u00f1o Arquitect\u00f3nico\"}]},{\"@type\":\"WebSite\",\"@id\":\"https:\\\/\\\/arga.com.mx\\\/blog\\\/#website\",\"url\":\"https:\\\/\\\/arga.com.mx\\\/blog\\\/\",\"name\":\"Arquitecto en M\u00e9xico cdmx\",\"description\":\"El blog del Arquitecto en M\u00e9xico por Arturo Garcia\",\"publisher\":{\"@id\":\"https:\\\/\\\/arga.com.mx\\\/blog\\\/#organization\"},\"potentialAction\":[{\"@type\":\"SearchAction\",\"target\":{\"@type\":\"EntryPoint\",\"urlTemplate\":\"https:\\\/\\\/arga.com.mx\\\/blog\\\/?s={search_term_string}\"},\"query-input\":{\"@type\":\"PropertyValueSpecification\",\"valueRequired\":true,\"valueName\":\"search_term_string\"}}],\"inLanguage\":\"es\"},{\"@type\":\"Organization\",\"@id\":\"https:\\\/\\\/arga.com.mx\\\/blog\\\/#organization\",\"name\":\"Arquitecto en M\u00e9xico cdmx\",\"url\":\"https:\\\/\\\/arga.com.mx\\\/blog\\\/\",\"logo\":{\"@type\":\"ImageObject\",\"inLanguage\":\"es\",\"@id\":\"https:\\\/\\\/arga.com.mx\\\/blog\\\/#\\\/schema\\\/logo\\\/image\\\/\",\"url\":\"https:\\\/\\\/i0.wp.com\\\/arga.com.mx\\\/blog\\\/wp-content\\\/uploads\\\/2024\\\/09\\\/banner-blog-1-1.png?fit=1123%2C342&ssl=1\",\"contentUrl\":\"https:\\\/\\\/i0.wp.com\\\/arga.com.mx\\\/blog\\\/wp-content\\\/uploads\\\/2024\\\/09\\\/banner-blog-1-1.png?fit=1123%2C342&ssl=1\",\"width\":1123,\"height\":342,\"caption\":\"Arquitecto en M\u00e9xico cdmx\"},\"image\":{\"@id\":\"https:\\\/\\\/arga.com.mx\\\/blog\\\/#\\\/schema\\\/logo\\\/image\\\/\"},\"sameAs\":[\"https:\\\/\\\/www.facebook.com\\\/ARGAArchitecture\"]},{\"@type\":\"Person\",\"@id\":\"https:\\\/\\\/arga.com.mx\\\/blog\\\/#\\\/schema\\\/person\\\/f175f8d81f44be7ec3020f1a3a9b7e23\",\"name\":\"admin\",\"image\":{\"@type\":\"ImageObject\",\"inLanguage\":\"es\",\"@id\":\"https:\\\/\\\/secure.gravatar.com\\\/avatar\\\/b3e3e019b326b4209d932274e7c6a1ad517fe99e9562c2fdf8de71f456a3ab84?s=96&d=mm&r=g\",\"url\":\"https:\\\/\\\/secure.gravatar.com\\\/avatar\\\/b3e3e019b326b4209d932274e7c6a1ad517fe99e9562c2fdf8de71f456a3ab84?s=96&d=mm&r=g\",\"contentUrl\":\"https:\\\/\\\/secure.gravatar.com\\\/avatar\\\/b3e3e019b326b4209d932274e7c6a1ad517fe99e9562c2fdf8de71f456a3ab84?s=96&d=mm&r=g\",\"caption\":\"admin\"},\"sameAs\":[\"https:\\\/\\\/arga.com.mx\\\/blog\"],\"url\":\"https:\\\/\\\/arga.com.mx\\\/blog\\\/author\\\/admin\\\/\"}]}<\/script>\n<!-- \/ Yoast SEO plugin. -->","yoast_head_json":{"title":"Impacto de la Econom\u00eda Circular en el Dise\u00f1o Arquitect\u00f3nico - Arquitectura Gaceta","description":"Impacto de la Econom\u00eda Circular en el Dise\u00f1o Arquitect\u00f3nico Arquitectura Gaceta","robots":{"index":"index","follow":"follow","max-snippet":"max-snippet:-1","max-image-preview":"max-image-preview:large","max-video-preview":"max-video-preview:-1"},"canonical":"https:\/\/arga.com.mx\/blog\/2024\/09\/30\/impacto-de-la-economia-circular-en-el-diseno-arquitectonico\/","og_locale":"es_MX","og_type":"article","og_title":"Impacto de la Econom\u00eda Circular en el Dise\u00f1o Arquitect\u00f3nico - Arquitectura Gaceta","og_description":"Impacto de la Econom\u00eda Circular en el Dise\u00f1o Arquitect\u00f3nico Arquitectura Gaceta","og_url":"https:\/\/arga.com.mx\/blog\/2024\/09\/30\/impacto-de-la-economia-circular-en-el-diseno-arquitectonico\/","og_site_name":"Arquitectura Gaceta","article_publisher":"https:\/\/www.facebook.com\/ARGAArchitecture","article_published_time":"2024-09-30T21:51:44+00:00","author":"admin","twitter_card":"summary_large_image","twitter_misc":{"Escrito por":"admin","Tiempo de lectura":"3 minutos"},"schema":{"@context":"https:\/\/schema.org","@graph":[{"@type":"Article","@id":"https:\/\/arga.com.mx\/blog\/2024\/09\/30\/impacto-de-la-economia-circular-en-el-diseno-arquitectonico\/#article","isPartOf":{"@id":"https:\/\/arga.com.mx\/blog\/2024\/09\/30\/impacto-de-la-economia-circular-en-el-diseno-arquitectonico\/"},"author":{"name":"admin","@id":"https:\/\/arga.com.mx\/blog\/#\/schema\/person\/f175f8d81f44be7ec3020f1a3a9b7e23"},"headline":"Impacto de la Econom\u00eda Circular en el Dise\u00f1o Arquitect\u00f3nico","datePublished":"2024-09-30T21:51:44+00:00","mainEntityOfPage":{"@id":"https:\/\/arga.com.mx\/blog\/2024\/09\/30\/impacto-de-la-economia-circular-en-el-diseno-arquitectonico\/"},"wordCount":568,"commentCount":0,"publisher":{"@id":"https:\/\/arga.com.mx\/blog\/#organization"},"image":{"@id":"https:\/\/arga.com.mx\/blog\/2024\/09\/30\/impacto-de-la-economia-circular-en-el-diseno-arquitectonico\/#primaryimage"},"thumbnailUrl":"https:\/\/i0.wp.com\/arga.com.mx\/blog\/wp-content\/uploads\/2024\/09\/imagen-91.png?fit=1024%2C1024&ssl=1","articleSection":["Arquitecto"],"inLanguage":"es","potentialAction":[{"@type":"CommentAction","name":"Comment","target":["https:\/\/arga.com.mx\/blog\/2024\/09\/30\/impacto-de-la-economia-circular-en-el-diseno-arquitectonico\/#respond"]}]},{"@type":"WebPage","@id":"https:\/\/arga.com.mx\/blog\/2024\/09\/30\/impacto-de-la-economia-circular-en-el-diseno-arquitectonico\/","url":"https:\/\/arga.com.mx\/blog\/2024\/09\/30\/impacto-de-la-economia-circular-en-el-diseno-arquitectonico\/","name":"Impacto de la Econom\u00eda Circular en el Dise\u00f1o Arquitect\u00f3nico - Arquitectura Gaceta","isPartOf":{"@id":"https:\/\/arga.com.mx\/blog\/#website"},"primaryImageOfPage":{"@id":"https:\/\/arga.com.mx\/blog\/2024\/09\/30\/impacto-de-la-economia-circular-en-el-diseno-arquitectonico\/#primaryimage"},"image":{"@id":"https:\/\/arga.com.mx\/blog\/2024\/09\/30\/impacto-de-la-economia-circular-en-el-diseno-arquitectonico\/#primaryimage"},"thumbnailUrl":"https:\/\/i0.wp.com\/arga.com.mx\/blog\/wp-content\/uploads\/2024\/09\/imagen-91.png?fit=1024%2C1024&ssl=1","datePublished":"2024-09-30T21:51:44+00:00","description":"Impacto de la Econom\u00eda Circular en el Dise\u00f1o Arquitect\u00f3nico Arquitectura Gaceta","breadcrumb":{"@id":"https:\/\/arga.com.mx\/blog\/2024\/09\/30\/impacto-de-la-economia-circular-en-el-diseno-arquitectonico\/#breadcrumb"},"inLanguage":"es","potentialAction":[{"@type":"ReadAction","target":["https:\/\/arga.com.mx\/blog\/2024\/09\/30\/impacto-de-la-economia-circular-en-el-diseno-arquitectonico\/"]}]},{"@type":"ImageObject","inLanguage":"es","@id":"https:\/\/arga.com.mx\/blog\/2024\/09\/30\/impacto-de-la-economia-circular-en-el-diseno-arquitectonico\/#primaryimage","url":"https:\/\/i0.wp.com\/arga.com.mx\/blog\/wp-content\/uploads\/2024\/09\/imagen-91.png?fit=1024%2C1024&ssl=1","contentUrl":"https:\/\/i0.wp.com\/arga.com.mx\/blog\/wp-content\/uploads\/2024\/09\/imagen-91.png?fit=1024%2C1024&ssl=1","width":1024,"height":1024},{"@type":"BreadcrumbList","@id":"https:\/\/arga.com.mx\/blog\/2024\/09\/30\/impacto-de-la-economia-circular-en-el-diseno-arquitectonico\/#breadcrumb","itemListElement":[{"@type":"ListItem","position":1,"name":"Home","item":"https:\/\/arga.com.mx\/blog\/"},{"@type":"ListItem","position":2,"name":"Impacto de la Econom\u00eda Circular en el Dise\u00f1o Arquitect\u00f3nico"}]},{"@type":"WebSite","@id":"https:\/\/arga.com.mx\/blog\/#website","url":"https:\/\/arga.com.mx\/blog\/","name":"Arquitecto en M\u00e9xico cdmx","description":"El blog del Arquitecto en M\u00e9xico por Arturo Garcia","publisher":{"@id":"https:\/\/arga.com.mx\/blog\/#organization"},"potentialAction":[{"@type":"SearchAction","target":{"@type":"EntryPoint","urlTemplate":"https:\/\/arga.com.mx\/blog\/?s={search_term_string}"},"query-input":{"@type":"PropertyValueSpecification","valueRequired":true,"valueName":"search_term_string"}}],"inLanguage":"es"},{"@type":"Organization","@id":"https:\/\/arga.com.mx\/blog\/#organization","name":"Arquitecto en M\u00e9xico cdmx","url":"https:\/\/arga.com.mx\/blog\/","logo":{"@type":"ImageObject","inLanguage":"es","@id":"https:\/\/arga.com.mx\/blog\/#\/schema\/logo\/image\/","url":"https:\/\/i0.wp.com\/arga.com.mx\/blog\/wp-content\/uploads\/2024\/09\/banner-blog-1-1.png?fit=1123%2C342&ssl=1","contentUrl":"https:\/\/i0.wp.com\/arga.com.mx\/blog\/wp-content\/uploads\/2024\/09\/banner-blog-1-1.png?fit=1123%2C342&ssl=1","width":1123,"height":342,"caption":"Arquitecto en M\u00e9xico cdmx"},"image":{"@id":"https:\/\/arga.com.mx\/blog\/#\/schema\/logo\/image\/"},"sameAs":["https:\/\/www.facebook.com\/ARGAArchitecture"]},{"@type":"Person","@id":"https:\/\/arga.com.mx\/blog\/#\/schema\/person\/f175f8d81f44be7ec3020f1a3a9b7e23","name":"admin","image":{"@type":"ImageObject","inLanguage":"es","@id":"https:\/\/secure.gravatar.com\/avatar\/b3e3e019b326b4209d932274e7c6a1ad517fe99e9562c2fdf8de71f456a3ab84?s=96&d=mm&r=g","url":"https:\/\/secure.gravatar.com\/avatar\/b3e3e019b326b4209d932274e7c6a1ad517fe99e9562c2fdf8de71f456a3ab84?s=96&d=mm&r=g","contentUrl":"https:\/\/secure.gravatar.com\/avatar\/b3e3e019b326b4209d932274e7c6a1ad517fe99e9562c2fdf8de71f456a3ab84?s=96&d=mm&r=g","caption":"admin"},"sameAs":["https:\/\/arga.com.mx\/blog"],"url":"https:\/\/arga.com.mx\/blog\/author\/admin\/"}]}},"jetpack_featured_media_url":"https:\/\/i0.wp.com\/arga.com.mx\/blog\/wp-content\/uploads\/2024\/09\/imagen-91.png?fit=1024%2C1024&ssl=1","jetpack_sharing_enabled":true,"_links":{"self":[{"href":"https:\/\/arga.com.mx\/blog\/wp-json\/wp\/v2\/posts\/220","targetHints":{"allow":["GET"]}}],"collection":[{"href":"https:\/\/arga.com.mx\/blog\/wp-json\/wp\/v2\/posts"}],"about":[{"href":"https:\/\/arga.com.mx\/blog\/wp-json\/wp\/v2\/types\/post"}],"author":[{"embeddable":true,"href":"https:\/\/arga.com.mx\/blog\/wp-json\/wp\/v2\/users\/1"}],"replies":[{"embeddable":true,"href":"https:\/\/arga.com.mx\/blog\/wp-json\/wp\/v2\/comments?post=220"}],"version-history":[{"count":0,"href":"https:\/\/arga.com.mx\/blog\/wp-json\/wp\/v2\/posts\/220\/revisions"}],"wp:featuredmedia":[{"embeddable":true,"href":"https:\/\/arga.com.mx\/blog\/wp-json\/wp\/v2\/media\/219"}],"wp:attachment":[{"href":"https:\/\/arga.com.mx\/blog\/wp-json\/wp\/v2\/media?parent=220"}],"wp:term":[{"taxonomy":"category","embeddable":true,"href":"https:\/\/arga.com.mx\/blog\/wp-json\/wp\/v2\/categories?post=220"},{"taxonomy":"post_tag","embeddable":true,"href":"https:\/\/arga.com.mx\/blog\/wp-json\/wp\/v2\/tags?post=220"}],"curies":[{"name":"wp","href":"https:\/\/api.w.org\/{rel}","templated":true}]}}