{"id":212,"date":"2024-09-30T15:44:54","date_gmt":"2024-09-30T21:44:54","guid":{"rendered":"https:\/\/arga.com.mx\/blog\/2024\/09\/30\/integracion-de-sistemas-hvac-diseno-digital-eficiente\/"},"modified":"2024-09-30T15:44:54","modified_gmt":"2024-09-30T21:44:54","slug":"integracion-de-sistemas-hvac-diseno-digital-eficiente","status":"publish","type":"post","link":"https:\/\/arga.com.mx\/blog\/2024\/09\/30\/integracion-de-sistemas-hvac-diseno-digital-eficiente\/","title":{"rendered":"Integraci\u00f3n de Sistemas HVAC: Dise\u00f1o Digital Eficiente"},"content":{"rendered":"<p>La integraci\u00f3n de sistemas HVAC (calefacci\u00f3n, ventilaci\u00f3n y aire acondicionado) en el contexto del dise\u00f1o digital ha revolucionado la forma en que concebimos y ejecutamos proyectos de construcci\u00f3n. En un mundo donde la eficiencia energ\u00e9tica y el confort son imperativos, el dise\u00f1o digital ofrece herramientas que permiten a los arquitectos y\/o ingenieros gestionar mejor los sistemas HVAC desde la fase de conceptualizaci\u00f3n.<\/p>\n<p>El uso de software avanzado como Building Information Modeling (BIM), facilita la creaci\u00f3n de modelos tridimensionales precisos en los que se puede integrar tanto la arquitectura como los sistemas mec\u00e1nicos y el\u00e9ctricos. Esto no solo optimiza el dise\u00f1o en t\u00e9rminos de espacio y funcionalidad, sino que tambi\u00e9n permite simular el comportamiento del sistema HVAC en diversas condiciones clim\u00e1ticas. Esto es crucial para el an\u00e1lisis de la eficiencia energ\u00e9tica.<\/p>\n<p>Otra ventaja del dise\u00f1o digital es el aumento de la colaboraci\u00f3n entre los diferentes profesionales involucrados. Al trabajar sobre la misma plataforma digital, arquitectos, ingenieros y contratistas pueden intercambiar informaci\u00f3n en tiempo real, reduciendo la posibilidad de errores de comunicaci\u00f3n que podr\u00edan resultar en costos adicionales.<\/p>\n<p>Adem\u00e1s, el dise\u00f1o digital permite realizar an\u00e1lisis de flujo de aire y distribuci\u00f3n t\u00e9rmica, lo que conlleva a un dise\u00f1o m\u00e1s eficiente. Las simulaciones computacionales tambi\u00e9n ayudan a predecir el consumo energ\u00e9tico y las necesidades de mantenimiento, lo cual es esencial para la sostenibilidad del proyecto.<\/p>\n<p>La implementaci\u00f3n de controladores inteligentes es otra \u00e1rea donde el dise\u00f1o digital influye en los sistemas HVAC. Estos sistemas pueden ajustarse autom\u00e1ticamente a las condiciones internas y externas del edificio, lo que resulta en una mayor eficiencia y confort para los ocupantes.<\/p>\n<p>Como conclusi\u00f3n, la integraci\u00f3n de sistemas HVAC desde el dise\u00f1o digital no solo optimiza el uso de recursos, sino que tambi\u00e9n mejora la sostenibilidad y el confort de los espacios construidos. El legado de esta tecnolog\u00eda ser\u00e1 visible en las estructuras que habitamos, haciendo de nuestros entornos un lugar m\u00e1s eficiente y saludable.- Para m\u00e1s informaci\u00f3n, cont\u00e1ctame: Arq. Arturo Garc\u00eda Castellanos, contacto@arga.com.mx, 55 2887 8750<\/p>\n","protected":false},"excerpt":{"rendered":"<p>La integraci\u00f3n de sistemas HVAC (calefacci\u00f3n, ventilaci\u00f3n y aire acondicionado) en el contexto del dise\u00f1o digital ha revolucionado la forma en que concebimos y ejecutamos proyectos de construcci\u00f3n. En un mundo donde la eficiencia energ\u00e9tica y el confort son imperativos, el dise\u00f1o digital ofrece herramientas que permiten a los arquitectos y\/o ingenieros gestionar mejor los&#8230;<\/p>\n","protected":false},"author":1,"featured_media":211,"comment_status":"open","ping_status":"open","sticky":false,"template":"","format":"standard","meta":{"nf_dc_page":"","om_disable_all_campaigns":false,"_jetpack_memberships_contains_paid_content":false,"footnotes":""},"categories":[1],"tags":[],"class_list":["post-212","post","type-post","status-publish","format-standard","has-post-thumbnail","hentry","category-arquitecto"],"yoast_head":"<!-- This site is optimized with the Yoast SEO plugin v27.5 - https:\/\/yoast.com\/product\/yoast-seo-wordpress\/ -->\n<title>Integraci\u00f3n de Sistemas HVAC: Dise\u00f1o Digital Eficiente - Arquitectura Gaceta<\/title>\n<meta name=\"description\" content=\"Integraci\u00f3n de Sistemas HVAC: Dise\u00f1o Digital Eficiente Arquitectura Gaceta\" \/>\n<meta name=\"robots\" content=\"index, follow, max-snippet:-1, max-image-preview:large, max-video-preview:-1\" \/>\n<link rel=\"canonical\" href=\"https:\/\/arga.com.mx\/blog\/2024\/09\/30\/integracion-de-sistemas-hvac-diseno-digital-eficiente\/\" \/>\n<meta property=\"og:locale\" content=\"es_MX\" \/>\n<meta property=\"og:type\" content=\"article\" \/>\n<meta property=\"og:title\" content=\"Integraci\u00f3n de Sistemas HVAC: Dise\u00f1o Digital Eficiente - Arquitectura Gaceta\" \/>\n<meta property=\"og:description\" content=\"Integraci\u00f3n de Sistemas HVAC: Dise\u00f1o Digital Eficiente Arquitectura Gaceta\" \/>\n<meta property=\"og:url\" content=\"https:\/\/arga.com.mx\/blog\/2024\/09\/30\/integracion-de-sistemas-hvac-diseno-digital-eficiente\/\" \/>\n<meta property=\"og:site_name\" content=\"Arquitectura Gaceta\" \/>\n<meta property=\"article:publisher\" content=\"https:\/\/www.facebook.com\/ARGAArchitecture\" \/>\n<meta property=\"article:published_time\" content=\"2024-09-30T21:44:54+00:00\" \/>\n<meta name=\"author\" content=\"admin\" \/>\n<meta name=\"twitter:card\" content=\"summary_large_image\" \/>\n<meta name=\"twitter:label1\" content=\"Escrito por\" \/>\n\t<meta name=\"twitter:data1\" content=\"admin\" \/>\n\t<meta name=\"twitter:label2\" content=\"Tiempo de lectura\" \/>\n\t<meta name=\"twitter:data2\" content=\"2 minutos\" \/>\n<script type=\"application\/ld+json\" class=\"yoast-schema-graph\">{\"@context\":\"https:\\\/\\\/schema.org\",\"@graph\":[{\"@type\":\"Article\",\"@id\":\"https:\\\/\\\/arga.com.mx\\\/blog\\\/2024\\\/09\\\/30\\\/integracion-de-sistemas-hvac-diseno-digital-eficiente\\\/#article\",\"isPartOf\":{\"@id\":\"https:\\\/\\\/arga.com.mx\\\/blog\\\/2024\\\/09\\\/30\\\/integracion-de-sistemas-hvac-diseno-digital-eficiente\\\/\"},\"author\":{\"name\":\"admin\",\"@id\":\"https:\\\/\\\/arga.com.mx\\\/blog\\\/#\\\/schema\\\/person\\\/f175f8d81f44be7ec3020f1a3a9b7e23\"},\"headline\":\"Integraci\u00f3n de Sistemas HVAC: Dise\u00f1o Digital Eficiente\",\"datePublished\":\"2024-09-30T21:44:54+00:00\",\"mainEntityOfPage\":{\"@id\":\"https:\\\/\\\/arga.com.mx\\\/blog\\\/2024\\\/09\\\/30\\\/integracion-de-sistemas-hvac-diseno-digital-eficiente\\\/\"},\"wordCount\":384,\"commentCount\":0,\"publisher\":{\"@id\":\"https:\\\/\\\/arga.com.mx\\\/blog\\\/#organization\"},\"image\":{\"@id\":\"https:\\\/\\\/arga.com.mx\\\/blog\\\/2024\\\/09\\\/30\\\/integracion-de-sistemas-hvac-diseno-digital-eficiente\\\/#primaryimage\"},\"thumbnailUrl\":\"https:\\\/\\\/i0.wp.com\\\/arga.com.mx\\\/blog\\\/wp-content\\\/uploads\\\/2024\\\/09\\\/imagen-87.png?fit=1024%2C1024&ssl=1\",\"articleSection\":[\"Arquitecto\"],\"inLanguage\":\"es\",\"potentialAction\":[{\"@type\":\"CommentAction\",\"name\":\"Comment\",\"target\":[\"https:\\\/\\\/arga.com.mx\\\/blog\\\/2024\\\/09\\\/30\\\/integracion-de-sistemas-hvac-diseno-digital-eficiente\\\/#respond\"]}]},{\"@type\":\"WebPage\",\"@id\":\"https:\\\/\\\/arga.com.mx\\\/blog\\\/2024\\\/09\\\/30\\\/integracion-de-sistemas-hvac-diseno-digital-eficiente\\\/\",\"url\":\"https:\\\/\\\/arga.com.mx\\\/blog\\\/2024\\\/09\\\/30\\\/integracion-de-sistemas-hvac-diseno-digital-eficiente\\\/\",\"name\":\"Integraci\u00f3n de Sistemas HVAC: Dise\u00f1o Digital Eficiente - Arquitectura Gaceta\",\"isPartOf\":{\"@id\":\"https:\\\/\\\/arga.com.mx\\\/blog\\\/#website\"},\"primaryImageOfPage\":{\"@id\":\"https:\\\/\\\/arga.com.mx\\\/blog\\\/2024\\\/09\\\/30\\\/integracion-de-sistemas-hvac-diseno-digital-eficiente\\\/#primaryimage\"},\"image\":{\"@id\":\"https:\\\/\\\/arga.com.mx\\\/blog\\\/2024\\\/09\\\/30\\\/integracion-de-sistemas-hvac-diseno-digital-eficiente\\\/#primaryimage\"},\"thumbnailUrl\":\"https:\\\/\\\/i0.wp.com\\\/arga.com.mx\\\/blog\\\/wp-content\\\/uploads\\\/2024\\\/09\\\/imagen-87.png?fit=1024%2C1024&ssl=1\",\"datePublished\":\"2024-09-30T21:44:54+00:00\",\"description\":\"Integraci\u00f3n de Sistemas HVAC: Dise\u00f1o Digital Eficiente Arquitectura Gaceta\",\"breadcrumb\":{\"@id\":\"https:\\\/\\\/arga.com.mx\\\/blog\\\/2024\\\/09\\\/30\\\/integracion-de-sistemas-hvac-diseno-digital-eficiente\\\/#breadcrumb\"},\"inLanguage\":\"es\",\"potentialAction\":[{\"@type\":\"ReadAction\",\"target\":[\"https:\\\/\\\/arga.com.mx\\\/blog\\\/2024\\\/09\\\/30\\\/integracion-de-sistemas-hvac-diseno-digital-eficiente\\\/\"]}]},{\"@type\":\"ImageObject\",\"inLanguage\":\"es\",\"@id\":\"https:\\\/\\\/arga.com.mx\\\/blog\\\/2024\\\/09\\\/30\\\/integracion-de-sistemas-hvac-diseno-digital-eficiente\\\/#primaryimage\",\"url\":\"https:\\\/\\\/i0.wp.com\\\/arga.com.mx\\\/blog\\\/wp-content\\\/uploads\\\/2024\\\/09\\\/imagen-87.png?fit=1024%2C1024&ssl=1\",\"contentUrl\":\"https:\\\/\\\/i0.wp.com\\\/arga.com.mx\\\/blog\\\/wp-content\\\/uploads\\\/2024\\\/09\\\/imagen-87.png?fit=1024%2C1024&ssl=1\",\"width\":1024,\"height\":1024},{\"@type\":\"BreadcrumbList\",\"@id\":\"https:\\\/\\\/arga.com.mx\\\/blog\\\/2024\\\/09\\\/30\\\/integracion-de-sistemas-hvac-diseno-digital-eficiente\\\/#breadcrumb\",\"itemListElement\":[{\"@type\":\"ListItem\",\"position\":1,\"name\":\"Home\",\"item\":\"https:\\\/\\\/arga.com.mx\\\/blog\\\/\"},{\"@type\":\"ListItem\",\"position\":2,\"name\":\"Integraci\u00f3n de Sistemas HVAC: Dise\u00f1o Digital Eficiente\"}]},{\"@type\":\"WebSite\",\"@id\":\"https:\\\/\\\/arga.com.mx\\\/blog\\\/#website\",\"url\":\"https:\\\/\\\/arga.com.mx\\\/blog\\\/\",\"name\":\"Arquitecto en M\u00e9xico cdmx\",\"description\":\"El blog del Arquitecto en M\u00e9xico por Arturo Garcia\",\"publisher\":{\"@id\":\"https:\\\/\\\/arga.com.mx\\\/blog\\\/#organization\"},\"potentialAction\":[{\"@type\":\"SearchAction\",\"target\":{\"@type\":\"EntryPoint\",\"urlTemplate\":\"https:\\\/\\\/arga.com.mx\\\/blog\\\/?s={search_term_string}\"},\"query-input\":{\"@type\":\"PropertyValueSpecification\",\"valueRequired\":true,\"valueName\":\"search_term_string\"}}],\"inLanguage\":\"es\"},{\"@type\":\"Organization\",\"@id\":\"https:\\\/\\\/arga.com.mx\\\/blog\\\/#organization\",\"name\":\"Arquitecto en M\u00e9xico cdmx\",\"url\":\"https:\\\/\\\/arga.com.mx\\\/blog\\\/\",\"logo\":{\"@type\":\"ImageObject\",\"inLanguage\":\"es\",\"@id\":\"https:\\\/\\\/arga.com.mx\\\/blog\\\/#\\\/schema\\\/logo\\\/image\\\/\",\"url\":\"https:\\\/\\\/i0.wp.com\\\/arga.com.mx\\\/blog\\\/wp-content\\\/uploads\\\/2024\\\/09\\\/banner-blog-1-1.png?fit=1123%2C342&ssl=1\",\"contentUrl\":\"https:\\\/\\\/i0.wp.com\\\/arga.com.mx\\\/blog\\\/wp-content\\\/uploads\\\/2024\\\/09\\\/banner-blog-1-1.png?fit=1123%2C342&ssl=1\",\"width\":1123,\"height\":342,\"caption\":\"Arquitecto en M\u00e9xico cdmx\"},\"image\":{\"@id\":\"https:\\\/\\\/arga.com.mx\\\/blog\\\/#\\\/schema\\\/logo\\\/image\\\/\"},\"sameAs\":[\"https:\\\/\\\/www.facebook.com\\\/ARGAArchitecture\"]},{\"@type\":\"Person\",\"@id\":\"https:\\\/\\\/arga.com.mx\\\/blog\\\/#\\\/schema\\\/person\\\/f175f8d81f44be7ec3020f1a3a9b7e23\",\"name\":\"admin\",\"image\":{\"@type\":\"ImageObject\",\"inLanguage\":\"es\",\"@id\":\"https:\\\/\\\/secure.gravatar.com\\\/avatar\\\/b3e3e019b326b4209d932274e7c6a1ad517fe99e9562c2fdf8de71f456a3ab84?s=96&d=mm&r=g\",\"url\":\"https:\\\/\\\/secure.gravatar.com\\\/avatar\\\/b3e3e019b326b4209d932274e7c6a1ad517fe99e9562c2fdf8de71f456a3ab84?s=96&d=mm&r=g\",\"contentUrl\":\"https:\\\/\\\/secure.gravatar.com\\\/avatar\\\/b3e3e019b326b4209d932274e7c6a1ad517fe99e9562c2fdf8de71f456a3ab84?s=96&d=mm&r=g\",\"caption\":\"admin\"},\"sameAs\":[\"https:\\\/\\\/arga.com.mx\\\/blog\"],\"url\":\"https:\\\/\\\/arga.com.mx\\\/blog\\\/author\\\/admin\\\/\"}]}<\/script>\n<!-- \/ Yoast SEO plugin. -->","yoast_head_json":{"title":"Integraci\u00f3n de Sistemas HVAC: Dise\u00f1o Digital Eficiente - Arquitectura Gaceta","description":"Integraci\u00f3n de Sistemas HVAC: Dise\u00f1o Digital Eficiente Arquitectura Gaceta","robots":{"index":"index","follow":"follow","max-snippet":"max-snippet:-1","max-image-preview":"max-image-preview:large","max-video-preview":"max-video-preview:-1"},"canonical":"https:\/\/arga.com.mx\/blog\/2024\/09\/30\/integracion-de-sistemas-hvac-diseno-digital-eficiente\/","og_locale":"es_MX","og_type":"article","og_title":"Integraci\u00f3n de Sistemas HVAC: Dise\u00f1o Digital Eficiente - Arquitectura Gaceta","og_description":"Integraci\u00f3n de Sistemas HVAC: Dise\u00f1o Digital Eficiente Arquitectura Gaceta","og_url":"https:\/\/arga.com.mx\/blog\/2024\/09\/30\/integracion-de-sistemas-hvac-diseno-digital-eficiente\/","og_site_name":"Arquitectura Gaceta","article_publisher":"https:\/\/www.facebook.com\/ARGAArchitecture","article_published_time":"2024-09-30T21:44:54+00:00","author":"admin","twitter_card":"summary_large_image","twitter_misc":{"Escrito por":"admin","Tiempo de lectura":"2 minutos"},"schema":{"@context":"https:\/\/schema.org","@graph":[{"@type":"Article","@id":"https:\/\/arga.com.mx\/blog\/2024\/09\/30\/integracion-de-sistemas-hvac-diseno-digital-eficiente\/#article","isPartOf":{"@id":"https:\/\/arga.com.mx\/blog\/2024\/09\/30\/integracion-de-sistemas-hvac-diseno-digital-eficiente\/"},"author":{"name":"admin","@id":"https:\/\/arga.com.mx\/blog\/#\/schema\/person\/f175f8d81f44be7ec3020f1a3a9b7e23"},"headline":"Integraci\u00f3n de Sistemas HVAC: Dise\u00f1o Digital Eficiente","datePublished":"2024-09-30T21:44:54+00:00","mainEntityOfPage":{"@id":"https:\/\/arga.com.mx\/blog\/2024\/09\/30\/integracion-de-sistemas-hvac-diseno-digital-eficiente\/"},"wordCount":384,"commentCount":0,"publisher":{"@id":"https:\/\/arga.com.mx\/blog\/#organization"},"image":{"@id":"https:\/\/arga.com.mx\/blog\/2024\/09\/30\/integracion-de-sistemas-hvac-diseno-digital-eficiente\/#primaryimage"},"thumbnailUrl":"https:\/\/i0.wp.com\/arga.com.mx\/blog\/wp-content\/uploads\/2024\/09\/imagen-87.png?fit=1024%2C1024&ssl=1","articleSection":["Arquitecto"],"inLanguage":"es","potentialAction":[{"@type":"CommentAction","name":"Comment","target":["https:\/\/arga.com.mx\/blog\/2024\/09\/30\/integracion-de-sistemas-hvac-diseno-digital-eficiente\/#respond"]}]},{"@type":"WebPage","@id":"https:\/\/arga.com.mx\/blog\/2024\/09\/30\/integracion-de-sistemas-hvac-diseno-digital-eficiente\/","url":"https:\/\/arga.com.mx\/blog\/2024\/09\/30\/integracion-de-sistemas-hvac-diseno-digital-eficiente\/","name":"Integraci\u00f3n de Sistemas HVAC: Dise\u00f1o Digital Eficiente - Arquitectura Gaceta","isPartOf":{"@id":"https:\/\/arga.com.mx\/blog\/#website"},"primaryImageOfPage":{"@id":"https:\/\/arga.com.mx\/blog\/2024\/09\/30\/integracion-de-sistemas-hvac-diseno-digital-eficiente\/#primaryimage"},"image":{"@id":"https:\/\/arga.com.mx\/blog\/2024\/09\/30\/integracion-de-sistemas-hvac-diseno-digital-eficiente\/#primaryimage"},"thumbnailUrl":"https:\/\/i0.wp.com\/arga.com.mx\/blog\/wp-content\/uploads\/2024\/09\/imagen-87.png?fit=1024%2C1024&ssl=1","datePublished":"2024-09-30T21:44:54+00:00","description":"Integraci\u00f3n de Sistemas HVAC: Dise\u00f1o Digital Eficiente Arquitectura Gaceta","breadcrumb":{"@id":"https:\/\/arga.com.mx\/blog\/2024\/09\/30\/integracion-de-sistemas-hvac-diseno-digital-eficiente\/#breadcrumb"},"inLanguage":"es","potentialAction":[{"@type":"ReadAction","target":["https:\/\/arga.com.mx\/blog\/2024\/09\/30\/integracion-de-sistemas-hvac-diseno-digital-eficiente\/"]}]},{"@type":"ImageObject","inLanguage":"es","@id":"https:\/\/arga.com.mx\/blog\/2024\/09\/30\/integracion-de-sistemas-hvac-diseno-digital-eficiente\/#primaryimage","url":"https:\/\/i0.wp.com\/arga.com.mx\/blog\/wp-content\/uploads\/2024\/09\/imagen-87.png?fit=1024%2C1024&ssl=1","contentUrl":"https:\/\/i0.wp.com\/arga.com.mx\/blog\/wp-content\/uploads\/2024\/09\/imagen-87.png?fit=1024%2C1024&ssl=1","width":1024,"height":1024},{"@type":"BreadcrumbList","@id":"https:\/\/arga.com.mx\/blog\/2024\/09\/30\/integracion-de-sistemas-hvac-diseno-digital-eficiente\/#breadcrumb","itemListElement":[{"@type":"ListItem","position":1,"name":"Home","item":"https:\/\/arga.com.mx\/blog\/"},{"@type":"ListItem","position":2,"name":"Integraci\u00f3n de Sistemas HVAC: Dise\u00f1o Digital Eficiente"}]},{"@type":"WebSite","@id":"https:\/\/arga.com.mx\/blog\/#website","url":"https:\/\/arga.com.mx\/blog\/","name":"Arquitecto en M\u00e9xico cdmx","description":"El blog del Arquitecto en M\u00e9xico por Arturo Garcia","publisher":{"@id":"https:\/\/arga.com.mx\/blog\/#organization"},"potentialAction":[{"@type":"SearchAction","target":{"@type":"EntryPoint","urlTemplate":"https:\/\/arga.com.mx\/blog\/?s={search_term_string}"},"query-input":{"@type":"PropertyValueSpecification","valueRequired":true,"valueName":"search_term_string"}}],"inLanguage":"es"},{"@type":"Organization","@id":"https:\/\/arga.com.mx\/blog\/#organization","name":"Arquitecto en M\u00e9xico cdmx","url":"https:\/\/arga.com.mx\/blog\/","logo":{"@type":"ImageObject","inLanguage":"es","@id":"https:\/\/arga.com.mx\/blog\/#\/schema\/logo\/image\/","url":"https:\/\/i0.wp.com\/arga.com.mx\/blog\/wp-content\/uploads\/2024\/09\/banner-blog-1-1.png?fit=1123%2C342&ssl=1","contentUrl":"https:\/\/i0.wp.com\/arga.com.mx\/blog\/wp-content\/uploads\/2024\/09\/banner-blog-1-1.png?fit=1123%2C342&ssl=1","width":1123,"height":342,"caption":"Arquitecto en M\u00e9xico cdmx"},"image":{"@id":"https:\/\/arga.com.mx\/blog\/#\/schema\/logo\/image\/"},"sameAs":["https:\/\/www.facebook.com\/ARGAArchitecture"]},{"@type":"Person","@id":"https:\/\/arga.com.mx\/blog\/#\/schema\/person\/f175f8d81f44be7ec3020f1a3a9b7e23","name":"admin","image":{"@type":"ImageObject","inLanguage":"es","@id":"https:\/\/secure.gravatar.com\/avatar\/b3e3e019b326b4209d932274e7c6a1ad517fe99e9562c2fdf8de71f456a3ab84?s=96&d=mm&r=g","url":"https:\/\/secure.gravatar.com\/avatar\/b3e3e019b326b4209d932274e7c6a1ad517fe99e9562c2fdf8de71f456a3ab84?s=96&d=mm&r=g","contentUrl":"https:\/\/secure.gravatar.com\/avatar\/b3e3e019b326b4209d932274e7c6a1ad517fe99e9562c2fdf8de71f456a3ab84?s=96&d=mm&r=g","caption":"admin"},"sameAs":["https:\/\/arga.com.mx\/blog"],"url":"https:\/\/arga.com.mx\/blog\/author\/admin\/"}]}},"jetpack_featured_media_url":"https:\/\/i0.wp.com\/arga.com.mx\/blog\/wp-content\/uploads\/2024\/09\/imagen-87.png?fit=1024%2C1024&ssl=1","jetpack_sharing_enabled":true,"_links":{"self":[{"href":"https:\/\/arga.com.mx\/blog\/wp-json\/wp\/v2\/posts\/212","targetHints":{"allow":["GET"]}}],"collection":[{"href":"https:\/\/arga.com.mx\/blog\/wp-json\/wp\/v2\/posts"}],"about":[{"href":"https:\/\/arga.com.mx\/blog\/wp-json\/wp\/v2\/types\/post"}],"author":[{"embeddable":true,"href":"https:\/\/arga.com.mx\/blog\/wp-json\/wp\/v2\/users\/1"}],"replies":[{"embeddable":true,"href":"https:\/\/arga.com.mx\/blog\/wp-json\/wp\/v2\/comments?post=212"}],"version-history":[{"count":0,"href":"https:\/\/arga.com.mx\/blog\/wp-json\/wp\/v2\/posts\/212\/revisions"}],"wp:featuredmedia":[{"embeddable":true,"href":"https:\/\/arga.com.mx\/blog\/wp-json\/wp\/v2\/media\/211"}],"wp:attachment":[{"href":"https:\/\/arga.com.mx\/blog\/wp-json\/wp\/v2\/media?parent=212"}],"wp:term":[{"taxonomy":"category","embeddable":true,"href":"https:\/\/arga.com.mx\/blog\/wp-json\/wp\/v2\/categories?post=212"},{"taxonomy":"post_tag","embeddable":true,"href":"https:\/\/arga.com.mx\/blog\/wp-json\/wp\/v2\/tags?post=212"}],"curies":[{"name":"wp","href":"https:\/\/api.w.org\/{rel}","templated":true}]}}