{"id":205,"date":"2024-09-30T15:41:20","date_gmt":"2024-09-30T21:41:20","guid":{"rendered":"https:\/\/arga.com.mx\/blog\/2024\/09\/30\/tendencias-en-diseno-de-viviendas-inteligentes\/"},"modified":"2024-09-30T15:41:20","modified_gmt":"2024-09-30T21:41:20","slug":"tendencias-en-diseno-de-viviendas-inteligentes","status":"publish","type":"post","link":"https:\/\/arga.com.mx\/blog\/2024\/09\/30\/tendencias-en-diseno-de-viviendas-inteligentes\/","title":{"rendered":"Tendencias en Dise\u00f1o de Viviendas Inteligentes"},"content":{"rendered":"<p>En la actualidad, el dise\u00f1o de viviendas inteligentes ha cobrado una relevancia sin precedentes gracias a la arquitectura digital. Este enfoque innovador no solo redefine la funcionalidad del hogar, sino que tambi\u00e9n incorpora tecnolog\u00eda avanzada, sostenibilidad y est\u00e9tica visual. En este art\u00edculo, exploraremos las tendencias actuales que est\u00e1n transformando la manera en que concebimos, dise\u00f1amos y habitamos nuestros espacios.<\/p>\n<p>Una de las principales tendencias es la integraci\u00f3n de sistemas dom\u00f3ticos que permiten el control de diversos aspectos de la vivienda desde un dispositivo m\u00f3vil. Estos sistemas no solo maximizan la comodidad, sino que tambi\u00e9n contribuyen a la eficiencia energ\u00e9tica, permitiendo el uso \u00f3ptimo de recursos como la electricidad y el agua. La automatizaci\u00f3n de tareas cotidianas, como el encendido y apagado de luces, el control de la temperatura y la gesti\u00f3n de electrodom\u00e9sticos, son solo algunas de las funcionalidades que hacen que las viviendas se sientan m\u00e1s conectadas y f\u00e1ciles de manejar.<\/p>\n<p>Asimismo, la arquitectura bioclim\u00e1tica ha tenido un papel fundamental en el dise\u00f1o de viviendas inteligencias, ya que permite una adecuada inserci\u00f3n del edificio en su entorno mediante el uso de materiales sostenibles y t\u00e9cnicas de dise\u00f1o que aprovechan al m\u00e1ximo la luz natural y la ventilaci\u00f3n. Esto no solo resulta en un ahorro significativo en costos de energ\u00eda, sino que tambi\u00e9n mejora la calidad de vida de sus habitantes. La capacidad de adaptarse a condiciones clim\u00e1ticas cambiantes se est\u00e1 volviendo primordial en la creaci\u00f3n de hogares que sean resilientes y responsables con el medio ambiente.<\/p>\n<p>Otra tendencia notable es el uso de realidad aumentada y virtual en el proceso de dise\u00f1o y planificaci\u00f3n. Estos enfoques permiten a los arquitectos y desarrolladores visualizar de manera m\u00e1s efectiva los espacios antes de su construcci\u00f3n, facilitando la toma de decisiones informadas y creativas. La realidad aumentada tambi\u00e9n est\u00e1 comenzando a ser utilizada en la experiencia del cliente, permitiendo a los compradores potenciales explorar sus futuras casas de manera inmersiva.<\/p>\n<p>La personalizaci\u00f3n en el dise\u00f1o es otra tendencia que est\u00e1 ganando fuerza. A medida que las familias buscan espacios que reflejen sus necesidades y estilos de vida \u00fanicos, los arquitectos han comenzado a ofrecer soluciones altamente personalizadas. Las casas inteligentes ahora pueden ser dise\u00f1adas para adaptarse f\u00e1cilmente a los cambios en la vida de sus propietarios, permitiendo ampliaciones o modificaciones seg\u00fan sea necesario.<\/p>\n<p>Por \u00faltimo, no podemos olvidar la importancia de la seguridad en el dise\u00f1o de viviendas. La tecnolog\u00eda de seguridad inteligente, que incluye c\u00e1maras, cerraduras y sensores conectados a internet, est\u00e1 revolucionando c\u00f3mo protegemos nuestros hogares. Estos sistemas permiten a los propietarios monitorear su vivienda a distancia, recibir alertas en tiempo real y garantizar la seguridad de sus seres queridos, lo que es fundamental en la sociedad actual.<\/p>\n<p>En conclusi\u00f3n, las tendencias en el dise\u00f1o de viviendas inteligentes gracias a la arquitectura digital son variadas y emocionantes. Desde el uso de tecnolog\u00eda avanzada para la automatizaci\u00f3n y el control de recursos, hasta la implementaci\u00f3n de pr\u00e1cticas de sostenibilidad y personalizaci\u00f3n, estamos viendo un cambio radical en la forma en que habitamos nuestros espacios. La combinaci\u00f3n de est\u00e9tica y funcionalidad promete dar lugar a un futuro en el que nuestras casas no solo sean inteligentes, sino tambi\u00e9n un reflejo de nuestra identidad y valores.<\/p>\n<p>Para m\u00e1s informaci\u00f3n, contacte al Arq. Arturo Garc\u00eda Castellanos, arquitecto desarrollador. Su correo es contacto@arga.com.mx y su tel\u00e9fono es 55 2887 8750.<\/p>\n","protected":false},"excerpt":{"rendered":"<p>En la actualidad, el dise\u00f1o de viviendas inteligentes ha cobrado una relevancia sin precedentes gracias a la arquitectura digital. Este enfoque innovador no solo redefine la funcionalidad del hogar, sino que tambi\u00e9n incorpora tecnolog\u00eda avanzada, sostenibilidad y est\u00e9tica visual. En este art\u00edculo, exploraremos las tendencias actuales que est\u00e1n transformando la manera en que concebimos, dise\u00f1amos&#8230;<\/p>\n","protected":false},"author":1,"featured_media":204,"comment_status":"open","ping_status":"open","sticky":false,"template":"","format":"standard","meta":{"nf_dc_page":"","om_disable_all_campaigns":false,"_jetpack_memberships_contains_paid_content":false,"footnotes":""},"categories":[1],"tags":[],"class_list":["post-205","post","type-post","status-publish","format-standard","has-post-thumbnail","hentry","category-arquitecto"],"yoast_head":"<!-- This site is optimized with the Yoast SEO plugin v27.5 - https:\/\/yoast.com\/product\/yoast-seo-wordpress\/ -->\n<title>Tendencias en Dise\u00f1o de Viviendas Inteligentes - Arquitectura Gaceta<\/title>\n<meta name=\"description\" content=\"Tendencias en Dise\u00f1o de Viviendas Inteligentes Arquitectura Gaceta\" \/>\n<meta name=\"robots\" content=\"index, follow, max-snippet:-1, max-image-preview:large, max-video-preview:-1\" \/>\n<link rel=\"canonical\" href=\"https:\/\/arga.com.mx\/blog\/2024\/09\/30\/tendencias-en-diseno-de-viviendas-inteligentes\/\" \/>\n<meta property=\"og:locale\" content=\"es_MX\" \/>\n<meta property=\"og:type\" content=\"article\" \/>\n<meta property=\"og:title\" content=\"Tendencias en Dise\u00f1o de Viviendas Inteligentes - Arquitectura Gaceta\" \/>\n<meta property=\"og:description\" content=\"Tendencias en Dise\u00f1o de Viviendas Inteligentes Arquitectura Gaceta\" \/>\n<meta property=\"og:url\" content=\"https:\/\/arga.com.mx\/blog\/2024\/09\/30\/tendencias-en-diseno-de-viviendas-inteligentes\/\" \/>\n<meta property=\"og:site_name\" content=\"Arquitectura Gaceta\" \/>\n<meta property=\"article:publisher\" content=\"https:\/\/www.facebook.com\/ARGAArchitecture\" \/>\n<meta property=\"article:published_time\" content=\"2024-09-30T21:41:20+00:00\" \/>\n<meta name=\"author\" content=\"admin\" \/>\n<meta name=\"twitter:card\" content=\"summary_large_image\" \/>\n<meta name=\"twitter:label1\" content=\"Escrito por\" \/>\n\t<meta name=\"twitter:data1\" content=\"admin\" \/>\n\t<meta name=\"twitter:label2\" content=\"Tiempo de lectura\" \/>\n\t<meta name=\"twitter:data2\" content=\"3 minutos\" \/>\n<script type=\"application\/ld+json\" class=\"yoast-schema-graph\">{\"@context\":\"https:\\\/\\\/schema.org\",\"@graph\":[{\"@type\":\"Article\",\"@id\":\"https:\\\/\\\/arga.com.mx\\\/blog\\\/2024\\\/09\\\/30\\\/tendencias-en-diseno-de-viviendas-inteligentes\\\/#article\",\"isPartOf\":{\"@id\":\"https:\\\/\\\/arga.com.mx\\\/blog\\\/2024\\\/09\\\/30\\\/tendencias-en-diseno-de-viviendas-inteligentes\\\/\"},\"author\":{\"name\":\"admin\",\"@id\":\"https:\\\/\\\/arga.com.mx\\\/blog\\\/#\\\/schema\\\/person\\\/f175f8d81f44be7ec3020f1a3a9b7e23\"},\"headline\":\"Tendencias en Dise\u00f1o de Viviendas Inteligentes\",\"datePublished\":\"2024-09-30T21:41:20+00:00\",\"mainEntityOfPage\":{\"@id\":\"https:\\\/\\\/arga.com.mx\\\/blog\\\/2024\\\/09\\\/30\\\/tendencias-en-diseno-de-viviendas-inteligentes\\\/\"},\"wordCount\":618,\"commentCount\":0,\"publisher\":{\"@id\":\"https:\\\/\\\/arga.com.mx\\\/blog\\\/#organization\"},\"image\":{\"@id\":\"https:\\\/\\\/arga.com.mx\\\/blog\\\/2024\\\/09\\\/30\\\/tendencias-en-diseno-de-viviendas-inteligentes\\\/#primaryimage\"},\"thumbnailUrl\":\"https:\\\/\\\/i0.wp.com\\\/arga.com.mx\\\/blog\\\/wp-content\\\/uploads\\\/2024\\\/09\\\/imagen-84.png?fit=1024%2C1024&ssl=1\",\"articleSection\":[\"Arquitecto\"],\"inLanguage\":\"es\",\"potentialAction\":[{\"@type\":\"CommentAction\",\"name\":\"Comment\",\"target\":[\"https:\\\/\\\/arga.com.mx\\\/blog\\\/2024\\\/09\\\/30\\\/tendencias-en-diseno-de-viviendas-inteligentes\\\/#respond\"]}]},{\"@type\":\"WebPage\",\"@id\":\"https:\\\/\\\/arga.com.mx\\\/blog\\\/2024\\\/09\\\/30\\\/tendencias-en-diseno-de-viviendas-inteligentes\\\/\",\"url\":\"https:\\\/\\\/arga.com.mx\\\/blog\\\/2024\\\/09\\\/30\\\/tendencias-en-diseno-de-viviendas-inteligentes\\\/\",\"name\":\"Tendencias en Dise\u00f1o de Viviendas Inteligentes - Arquitectura Gaceta\",\"isPartOf\":{\"@id\":\"https:\\\/\\\/arga.com.mx\\\/blog\\\/#website\"},\"primaryImageOfPage\":{\"@id\":\"https:\\\/\\\/arga.com.mx\\\/blog\\\/2024\\\/09\\\/30\\\/tendencias-en-diseno-de-viviendas-inteligentes\\\/#primaryimage\"},\"image\":{\"@id\":\"https:\\\/\\\/arga.com.mx\\\/blog\\\/2024\\\/09\\\/30\\\/tendencias-en-diseno-de-viviendas-inteligentes\\\/#primaryimage\"},\"thumbnailUrl\":\"https:\\\/\\\/i0.wp.com\\\/arga.com.mx\\\/blog\\\/wp-content\\\/uploads\\\/2024\\\/09\\\/imagen-84.png?fit=1024%2C1024&ssl=1\",\"datePublished\":\"2024-09-30T21:41:20+00:00\",\"description\":\"Tendencias en Dise\u00f1o de Viviendas Inteligentes Arquitectura Gaceta\",\"breadcrumb\":{\"@id\":\"https:\\\/\\\/arga.com.mx\\\/blog\\\/2024\\\/09\\\/30\\\/tendencias-en-diseno-de-viviendas-inteligentes\\\/#breadcrumb\"},\"inLanguage\":\"es\",\"potentialAction\":[{\"@type\":\"ReadAction\",\"target\":[\"https:\\\/\\\/arga.com.mx\\\/blog\\\/2024\\\/09\\\/30\\\/tendencias-en-diseno-de-viviendas-inteligentes\\\/\"]}]},{\"@type\":\"ImageObject\",\"inLanguage\":\"es\",\"@id\":\"https:\\\/\\\/arga.com.mx\\\/blog\\\/2024\\\/09\\\/30\\\/tendencias-en-diseno-de-viviendas-inteligentes\\\/#primaryimage\",\"url\":\"https:\\\/\\\/i0.wp.com\\\/arga.com.mx\\\/blog\\\/wp-content\\\/uploads\\\/2024\\\/09\\\/imagen-84.png?fit=1024%2C1024&ssl=1\",\"contentUrl\":\"https:\\\/\\\/i0.wp.com\\\/arga.com.mx\\\/blog\\\/wp-content\\\/uploads\\\/2024\\\/09\\\/imagen-84.png?fit=1024%2C1024&ssl=1\",\"width\":1024,\"height\":1024},{\"@type\":\"BreadcrumbList\",\"@id\":\"https:\\\/\\\/arga.com.mx\\\/blog\\\/2024\\\/09\\\/30\\\/tendencias-en-diseno-de-viviendas-inteligentes\\\/#breadcrumb\",\"itemListElement\":[{\"@type\":\"ListItem\",\"position\":1,\"name\":\"Home\",\"item\":\"https:\\\/\\\/arga.com.mx\\\/blog\\\/\"},{\"@type\":\"ListItem\",\"position\":2,\"name\":\"Tendencias en Dise\u00f1o de Viviendas Inteligentes\"}]},{\"@type\":\"WebSite\",\"@id\":\"https:\\\/\\\/arga.com.mx\\\/blog\\\/#website\",\"url\":\"https:\\\/\\\/arga.com.mx\\\/blog\\\/\",\"name\":\"Arquitecto en M\u00e9xico cdmx\",\"description\":\"El blog del Arquitecto en M\u00e9xico por Arturo Garcia\",\"publisher\":{\"@id\":\"https:\\\/\\\/arga.com.mx\\\/blog\\\/#organization\"},\"potentialAction\":[{\"@type\":\"SearchAction\",\"target\":{\"@type\":\"EntryPoint\",\"urlTemplate\":\"https:\\\/\\\/arga.com.mx\\\/blog\\\/?s={search_term_string}\"},\"query-input\":{\"@type\":\"PropertyValueSpecification\",\"valueRequired\":true,\"valueName\":\"search_term_string\"}}],\"inLanguage\":\"es\"},{\"@type\":\"Organization\",\"@id\":\"https:\\\/\\\/arga.com.mx\\\/blog\\\/#organization\",\"name\":\"Arquitecto en M\u00e9xico cdmx\",\"url\":\"https:\\\/\\\/arga.com.mx\\\/blog\\\/\",\"logo\":{\"@type\":\"ImageObject\",\"inLanguage\":\"es\",\"@id\":\"https:\\\/\\\/arga.com.mx\\\/blog\\\/#\\\/schema\\\/logo\\\/image\\\/\",\"url\":\"https:\\\/\\\/i0.wp.com\\\/arga.com.mx\\\/blog\\\/wp-content\\\/uploads\\\/2024\\\/09\\\/banner-blog-1-1.png?fit=1123%2C342&ssl=1\",\"contentUrl\":\"https:\\\/\\\/i0.wp.com\\\/arga.com.mx\\\/blog\\\/wp-content\\\/uploads\\\/2024\\\/09\\\/banner-blog-1-1.png?fit=1123%2C342&ssl=1\",\"width\":1123,\"height\":342,\"caption\":\"Arquitecto en M\u00e9xico cdmx\"},\"image\":{\"@id\":\"https:\\\/\\\/arga.com.mx\\\/blog\\\/#\\\/schema\\\/logo\\\/image\\\/\"},\"sameAs\":[\"https:\\\/\\\/www.facebook.com\\\/ARGAArchitecture\"]},{\"@type\":\"Person\",\"@id\":\"https:\\\/\\\/arga.com.mx\\\/blog\\\/#\\\/schema\\\/person\\\/f175f8d81f44be7ec3020f1a3a9b7e23\",\"name\":\"admin\",\"image\":{\"@type\":\"ImageObject\",\"inLanguage\":\"es\",\"@id\":\"https:\\\/\\\/secure.gravatar.com\\\/avatar\\\/b3e3e019b326b4209d932274e7c6a1ad517fe99e9562c2fdf8de71f456a3ab84?s=96&d=mm&r=g\",\"url\":\"https:\\\/\\\/secure.gravatar.com\\\/avatar\\\/b3e3e019b326b4209d932274e7c6a1ad517fe99e9562c2fdf8de71f456a3ab84?s=96&d=mm&r=g\",\"contentUrl\":\"https:\\\/\\\/secure.gravatar.com\\\/avatar\\\/b3e3e019b326b4209d932274e7c6a1ad517fe99e9562c2fdf8de71f456a3ab84?s=96&d=mm&r=g\",\"caption\":\"admin\"},\"sameAs\":[\"https:\\\/\\\/arga.com.mx\\\/blog\"],\"url\":\"https:\\\/\\\/arga.com.mx\\\/blog\\\/author\\\/admin\\\/\"}]}<\/script>\n<!-- \/ Yoast SEO plugin. -->","yoast_head_json":{"title":"Tendencias en Dise\u00f1o de Viviendas Inteligentes - Arquitectura Gaceta","description":"Tendencias en Dise\u00f1o de Viviendas Inteligentes Arquitectura Gaceta","robots":{"index":"index","follow":"follow","max-snippet":"max-snippet:-1","max-image-preview":"max-image-preview:large","max-video-preview":"max-video-preview:-1"},"canonical":"https:\/\/arga.com.mx\/blog\/2024\/09\/30\/tendencias-en-diseno-de-viviendas-inteligentes\/","og_locale":"es_MX","og_type":"article","og_title":"Tendencias en Dise\u00f1o de Viviendas Inteligentes - Arquitectura Gaceta","og_description":"Tendencias en Dise\u00f1o de Viviendas Inteligentes Arquitectura Gaceta","og_url":"https:\/\/arga.com.mx\/blog\/2024\/09\/30\/tendencias-en-diseno-de-viviendas-inteligentes\/","og_site_name":"Arquitectura Gaceta","article_publisher":"https:\/\/www.facebook.com\/ARGAArchitecture","article_published_time":"2024-09-30T21:41:20+00:00","author":"admin","twitter_card":"summary_large_image","twitter_misc":{"Escrito por":"admin","Tiempo de lectura":"3 minutos"},"schema":{"@context":"https:\/\/schema.org","@graph":[{"@type":"Article","@id":"https:\/\/arga.com.mx\/blog\/2024\/09\/30\/tendencias-en-diseno-de-viviendas-inteligentes\/#article","isPartOf":{"@id":"https:\/\/arga.com.mx\/blog\/2024\/09\/30\/tendencias-en-diseno-de-viviendas-inteligentes\/"},"author":{"name":"admin","@id":"https:\/\/arga.com.mx\/blog\/#\/schema\/person\/f175f8d81f44be7ec3020f1a3a9b7e23"},"headline":"Tendencias en Dise\u00f1o de Viviendas Inteligentes","datePublished":"2024-09-30T21:41:20+00:00","mainEntityOfPage":{"@id":"https:\/\/arga.com.mx\/blog\/2024\/09\/30\/tendencias-en-diseno-de-viviendas-inteligentes\/"},"wordCount":618,"commentCount":0,"publisher":{"@id":"https:\/\/arga.com.mx\/blog\/#organization"},"image":{"@id":"https:\/\/arga.com.mx\/blog\/2024\/09\/30\/tendencias-en-diseno-de-viviendas-inteligentes\/#primaryimage"},"thumbnailUrl":"https:\/\/i0.wp.com\/arga.com.mx\/blog\/wp-content\/uploads\/2024\/09\/imagen-84.png?fit=1024%2C1024&ssl=1","articleSection":["Arquitecto"],"inLanguage":"es","potentialAction":[{"@type":"CommentAction","name":"Comment","target":["https:\/\/arga.com.mx\/blog\/2024\/09\/30\/tendencias-en-diseno-de-viviendas-inteligentes\/#respond"]}]},{"@type":"WebPage","@id":"https:\/\/arga.com.mx\/blog\/2024\/09\/30\/tendencias-en-diseno-de-viviendas-inteligentes\/","url":"https:\/\/arga.com.mx\/blog\/2024\/09\/30\/tendencias-en-diseno-de-viviendas-inteligentes\/","name":"Tendencias en Dise\u00f1o de Viviendas Inteligentes - Arquitectura Gaceta","isPartOf":{"@id":"https:\/\/arga.com.mx\/blog\/#website"},"primaryImageOfPage":{"@id":"https:\/\/arga.com.mx\/blog\/2024\/09\/30\/tendencias-en-diseno-de-viviendas-inteligentes\/#primaryimage"},"image":{"@id":"https:\/\/arga.com.mx\/blog\/2024\/09\/30\/tendencias-en-diseno-de-viviendas-inteligentes\/#primaryimage"},"thumbnailUrl":"https:\/\/i0.wp.com\/arga.com.mx\/blog\/wp-content\/uploads\/2024\/09\/imagen-84.png?fit=1024%2C1024&ssl=1","datePublished":"2024-09-30T21:41:20+00:00","description":"Tendencias en Dise\u00f1o de Viviendas Inteligentes Arquitectura Gaceta","breadcrumb":{"@id":"https:\/\/arga.com.mx\/blog\/2024\/09\/30\/tendencias-en-diseno-de-viviendas-inteligentes\/#breadcrumb"},"inLanguage":"es","potentialAction":[{"@type":"ReadAction","target":["https:\/\/arga.com.mx\/blog\/2024\/09\/30\/tendencias-en-diseno-de-viviendas-inteligentes\/"]}]},{"@type":"ImageObject","inLanguage":"es","@id":"https:\/\/arga.com.mx\/blog\/2024\/09\/30\/tendencias-en-diseno-de-viviendas-inteligentes\/#primaryimage","url":"https:\/\/i0.wp.com\/arga.com.mx\/blog\/wp-content\/uploads\/2024\/09\/imagen-84.png?fit=1024%2C1024&ssl=1","contentUrl":"https:\/\/i0.wp.com\/arga.com.mx\/blog\/wp-content\/uploads\/2024\/09\/imagen-84.png?fit=1024%2C1024&ssl=1","width":1024,"height":1024},{"@type":"BreadcrumbList","@id":"https:\/\/arga.com.mx\/blog\/2024\/09\/30\/tendencias-en-diseno-de-viviendas-inteligentes\/#breadcrumb","itemListElement":[{"@type":"ListItem","position":1,"name":"Home","item":"https:\/\/arga.com.mx\/blog\/"},{"@type":"ListItem","position":2,"name":"Tendencias en Dise\u00f1o de Viviendas Inteligentes"}]},{"@type":"WebSite","@id":"https:\/\/arga.com.mx\/blog\/#website","url":"https:\/\/arga.com.mx\/blog\/","name":"Arquitecto en M\u00e9xico cdmx","description":"El blog del Arquitecto en M\u00e9xico por Arturo Garcia","publisher":{"@id":"https:\/\/arga.com.mx\/blog\/#organization"},"potentialAction":[{"@type":"SearchAction","target":{"@type":"EntryPoint","urlTemplate":"https:\/\/arga.com.mx\/blog\/?s={search_term_string}"},"query-input":{"@type":"PropertyValueSpecification","valueRequired":true,"valueName":"search_term_string"}}],"inLanguage":"es"},{"@type":"Organization","@id":"https:\/\/arga.com.mx\/blog\/#organization","name":"Arquitecto en M\u00e9xico cdmx","url":"https:\/\/arga.com.mx\/blog\/","logo":{"@type":"ImageObject","inLanguage":"es","@id":"https:\/\/arga.com.mx\/blog\/#\/schema\/logo\/image\/","url":"https:\/\/i0.wp.com\/arga.com.mx\/blog\/wp-content\/uploads\/2024\/09\/banner-blog-1-1.png?fit=1123%2C342&ssl=1","contentUrl":"https:\/\/i0.wp.com\/arga.com.mx\/blog\/wp-content\/uploads\/2024\/09\/banner-blog-1-1.png?fit=1123%2C342&ssl=1","width":1123,"height":342,"caption":"Arquitecto en M\u00e9xico cdmx"},"image":{"@id":"https:\/\/arga.com.mx\/blog\/#\/schema\/logo\/image\/"},"sameAs":["https:\/\/www.facebook.com\/ARGAArchitecture"]},{"@type":"Person","@id":"https:\/\/arga.com.mx\/blog\/#\/schema\/person\/f175f8d81f44be7ec3020f1a3a9b7e23","name":"admin","image":{"@type":"ImageObject","inLanguage":"es","@id":"https:\/\/secure.gravatar.com\/avatar\/b3e3e019b326b4209d932274e7c6a1ad517fe99e9562c2fdf8de71f456a3ab84?s=96&d=mm&r=g","url":"https:\/\/secure.gravatar.com\/avatar\/b3e3e019b326b4209d932274e7c6a1ad517fe99e9562c2fdf8de71f456a3ab84?s=96&d=mm&r=g","contentUrl":"https:\/\/secure.gravatar.com\/avatar\/b3e3e019b326b4209d932274e7c6a1ad517fe99e9562c2fdf8de71f456a3ab84?s=96&d=mm&r=g","caption":"admin"},"sameAs":["https:\/\/arga.com.mx\/blog"],"url":"https:\/\/arga.com.mx\/blog\/author\/admin\/"}]}},"jetpack_featured_media_url":"https:\/\/i0.wp.com\/arga.com.mx\/blog\/wp-content\/uploads\/2024\/09\/imagen-84.png?fit=1024%2C1024&ssl=1","jetpack_sharing_enabled":true,"_links":{"self":[{"href":"https:\/\/arga.com.mx\/blog\/wp-json\/wp\/v2\/posts\/205","targetHints":{"allow":["GET"]}}],"collection":[{"href":"https:\/\/arga.com.mx\/blog\/wp-json\/wp\/v2\/posts"}],"about":[{"href":"https:\/\/arga.com.mx\/blog\/wp-json\/wp\/v2\/types\/post"}],"author":[{"embeddable":true,"href":"https:\/\/arga.com.mx\/blog\/wp-json\/wp\/v2\/users\/1"}],"replies":[{"embeddable":true,"href":"https:\/\/arga.com.mx\/blog\/wp-json\/wp\/v2\/comments?post=205"}],"version-history":[{"count":0,"href":"https:\/\/arga.com.mx\/blog\/wp-json\/wp\/v2\/posts\/205\/revisions"}],"wp:featuredmedia":[{"embeddable":true,"href":"https:\/\/arga.com.mx\/blog\/wp-json\/wp\/v2\/media\/204"}],"wp:attachment":[{"href":"https:\/\/arga.com.mx\/blog\/wp-json\/wp\/v2\/media?parent=205"}],"wp:term":[{"taxonomy":"category","embeddable":true,"href":"https:\/\/arga.com.mx\/blog\/wp-json\/wp\/v2\/categories?post=205"},{"taxonomy":"post_tag","embeddable":true,"href":"https:\/\/arga.com.mx\/blog\/wp-json\/wp\/v2\/tags?post=205"}],"curies":[{"name":"wp","href":"https:\/\/api.w.org\/{rel}","templated":true}]}}